{"id":9330,"date":"2026-04-28T16:15:00","date_gmt":"2026-04-28T19:15:00","guid":{"rendered":"https:\/\/acriticatrends.audiencelabs.com.br\/?p=9330"},"modified":"2026-04-28T18:45:33","modified_gmt":"2026-04-28T21:45:33","slug":"comunicado-geral-para-idosos-que-consomem-alcool-em-excesso","status":"publish","type":"post","link":"https:\/\/acriticatrends.audiencelabs.com.br\/comunicado-geral-para-idosos-que-consomem-alcool-em-excesso\/","title":{"rendered":"Comunicado geral para idosos que consomem \u00e1lcool em excesso"},"content":{"rendered":"\n<p>Um comunicado voltado a idosos que consomem \u00e1lcool em excesso chama aten\u00e7\u00e3o para os riscos dessa pr\u00e1tica na terceira idade. O alerta refor\u00e7a que esse h\u00e1bito pode comprometer a sa\u00fade e a qualidade de vida, exigindo mais cuidado no dia a dia.<\/p>\n\n\n\n<p>Com o avan\u00e7o da idade, o corpo passa a reagir de forma diferente ao \u00e1lcool, justamente porque o metabolismo se torna mais lento. Isso faz com que os efeitos da bebida sejam mais intensos e prolongados, aumentando a vulnerabilidade.<\/p>\n\n\n\n<h2 class=\"wp-block-heading\">Idosos que consomem \u00e1lcool em alerta<\/h2>\n\n\n\n<p>Entre os problemas mais comuns est\u00e3o doen\u00e7as no f\u00edgado, como cirrose, al\u00e9m do agravamento de quest\u00f5es card\u00edacas. No entanto, tamb\u00e9m h\u00e1 aumento da press\u00e3o arterial e maior risco de complica\u00e7\u00f5es ligadas ao diabetes.<\/p>\n\n\n\n<p>O impacto n\u00e3o se limita ao f\u00edsico, j\u00e1 que o \u00e1lcool pode afetar diretamente o funcionamento do c\u00e9rebro. Isso contribui para perda de mem\u00f3ria, confus\u00e3o mental e at\u00e9 mesmo eleva o risco de quedas, algo bastante preocupante nessa fase.<\/p>\n\n\n\n<p>Outro ponto de aten\u00e7\u00e3o envolve o uso de medicamentos, algo frequente entre idosos. A combina\u00e7\u00e3o com bebidas alco\u00f3licas pode reduzir a efic\u00e1cia dos tratamentos ou provocar efeitos adversos, como tontura e sonol\u00eancia excessiva.<\/p>\n\n\n\n<p>Diante desse cen\u00e1rio, a recomenda\u00e7\u00e3o \u00e9 avaliar o consumo com cautela e, sempre que poss\u00edvel, buscar orienta\u00e7\u00e3o m\u00e9dica. Em muitos casos, reduzir ou interromper o uso traz benef\u00edcios r\u00e1pidos, como melhora no sono e mais disposi\u00e7\u00e3o.<\/p>\n\n\n\n<figure class=\"wp-block-image size-large\"><img loading=\"lazy\" decoding=\"async\" width=\"1024\" height=\"683\" src=\"https:\/\/acriticatrends.audiencelabs.com.br\/wp-content\/uploads\/2026\/04\/2149262127-1-1-1024x683.jpg\" alt=\"\" class=\"wp-image-9331\" srcset=\"https:\/\/acriticatrends.audiencelabs.com.br\/wp-content\/uploads\/2026\/04\/2149262127-1-1-1024x683.jpg 1024w, https:\/\/acriticatrends.audiencelabs.com.br\/wp-content\/uploads\/2026\/04\/2149262127-1-1-300x200.jpg 300w, https:\/\/acriticatrends.audiencelabs.com.br\/wp-content\/uploads\/2026\/04\/2149262127-1-1-768x512.jpg 768w, https:\/\/acriticatrends.audiencelabs.com.br\/wp-content\/uploads\/2026\/04\/2149262127-1-1-750x500.jpg 750w, https:\/\/acriticatrends.audiencelabs.com.br\/wp-content\/uploads\/2026\/04\/2149262127-1-1-1140x760.jpg 1140w, https:\/\/acriticatrends.audiencelabs.com.br\/wp-content\/uploads\/2026\/04\/2149262127-1-1.jpg 1200w\" sizes=\"auto, (max-width: 1024px) 100vw, 1024px\" \/><figcaption class=\"wp-element-caption\">Cr\u00e9ditos: Freepik<\/figcaption><\/figure>\n\n\n\n<h2 class=\"wp-block-heading\">Cuidados e apoio fazem diferen\u00e7a<\/h2>\n\n\n\n<p>Familiares e cuidadores t\u00eam papel essencial nesse processo, justamente ao incentivar h\u00e1bitos mais saud\u00e1veis. O apoio pode facilitar mudan\u00e7as e ajudar na constru\u00e7\u00e3o de uma rotina mais equilibrada.<\/p>\n\n\n\n<p>Caso haja dificuldade em diminuir o consumo, a busca por ajuda profissional se torna fundamental. Existem tratamentos adequados, e informa\u00e7\u00e3o aliada a escolhas conscientes faz toda a diferen\u00e7a para um envelhecimento mais seguro.<\/p>\n","protected":false},"excerpt":{"rendered":"<p>Um comunicado voltado a idosos que consomem \u00e1lcool em excesso chama aten\u00e7\u00e3o para os riscos dessa pr\u00e1tica na terceira idade. O alerta refor\u00e7a que esse h\u00e1bito pode comprometer a sa\u00fade e a qualidade de vida, exigindo mais cuidado no dia a dia. Com o avan\u00e7o da idade, o corpo passa a reagir de forma diferente [&hellip;]<\/p>\n","protected":false},"author":4,"featured_media":9332,"comment_status":"open","ping_status":"closed","sticky":false,"template":"","format":"standard","meta":{"jnews-multi-image_gallery":[],"jnews_single_post":{"format":"standard"},"jnews_primary_category":[],"jnews_social_meta":[],"jnews_post_split":[],"footnotes":""},"categories":[55],"tags":[],"class_list":["post-9330","post","type-post","status-publish","format-standard","has-post-thumbnail","hentry","category-trends"],"_links":{"self":[{"href":"https:\/\/acriticatrends.audiencelabs.com.br\/wp-json\/wp\/v2\/posts\/9330","targetHints":{"allow":["GET"]}}],"collection":[{"href":"https:\/\/acriticatrends.audiencelabs.com.br\/wp-json\/wp\/v2\/posts"}],"about":[{"href":"https:\/\/acriticatrends.audiencelabs.com.br\/wp-json\/wp\/v2\/types\/post"}],"author":[{"embeddable":true,"href":"https:\/\/acriticatrends.audiencelabs.com.br\/wp-json\/wp\/v2\/users\/4"}],"replies":[{"embeddable":true,"href":"https:\/\/acriticatrends.audiencelabs.com.br\/wp-json\/wp\/v2\/comments?post=9330"}],"version-history":[{"count":2,"href":"https:\/\/acriticatrends.audiencelabs.com.br\/wp-json\/wp\/v2\/posts\/9330\/revisions"}],"predecessor-version":[{"id":9394,"href":"https:\/\/acriticatrends.audiencelabs.com.br\/wp-json\/wp\/v2\/posts\/9330\/revisions\/9394"}],"wp:featuredmedia":[{"embeddable":true,"href":"https:\/\/acriticatrends.audiencelabs.com.br\/wp-json\/wp\/v2\/media\/9332"}],"wp:attachment":[{"href":"https:\/\/acriticatrends.audiencelabs.com.br\/wp-json\/wp\/v2\/media?parent=9330"}],"wp:term":[{"taxonomy":"category","embeddable":true,"href":"https:\/\/acriticatrends.audiencelabs.com.br\/wp-json\/wp\/v2\/categories?post=9330"},{"taxonomy":"post_tag","embeddable":true,"href":"https:\/\/acriticatrends.audiencelabs.com.br\/wp-json\/wp\/v2\/tags?post=9330"}],"curies":[{"name":"wp","href":"https:\/\/api.w.org\/{rel}","templated":true}]}}