{"id":9406,"date":"2026-04-29T09:06:00","date_gmt":"2026-04-29T12:06:00","guid":{"rendered":"https:\/\/acriticatrends.audiencelabs.com.br\/?p=9406"},"modified":"2026-04-29T07:10:59","modified_gmt":"2026-04-29T10:10:59","slug":"ancelotti-garantiu-jogador-do-flamengo-que-muitos-duvidavam-na-lista-final-para-a-copa-do-mundo","status":"publish","type":"post","link":"https:\/\/acriticatrends.audiencelabs.com.br\/ancelotti-garantiu-jogador-do-flamengo-que-muitos-duvidavam-na-lista-final-para-a-copa-do-mundo\/","title":{"rendered":"Ancelotti garantiu jogador do Flamengo que muitos duvidavam na lista final para a Copa do Mundo"},"content":{"rendered":"\n<p>Carlo Ancelotti s\u00f3 confirmou a presen\u00e7a de um jogador na lista final da Sele\u00e7\u00e3o Brasileira para a disputa da Copa do Mundo de 2026. Trata-se de um atleta que muitos duvidavam que voltaria a ter lugar cativo no selecionado e que estaria no grupo que vai embarcar rumo ao continente norte-americano: Danilo.<\/p>\n\n\n\n<p>Em uma de suas coletivas recentes, o comandante canarinho afirmou que tem em mente boa parte da rela\u00e7\u00e3o e da escala\u00e7\u00e3o para a estreia na Copa. Questionado a respeito do lateral\/zagueiro, ele assegurou que conta com o atleta n\u00e3o s\u00f3 dentro de campo, mas tamb\u00e9m pelo papel que pode exercer fora dele.<\/p>\n\n\n\n<p>&#8220;\u00c0s vezes, me canso de falar de coisas que j\u00e1 falei. Danilo \u00e9 um jogador importante, dentro e fora de campo. Est\u00e1 seguro na lista final, porque gosto dele. Entre os nove defensores, vai estar Danilo&#8221;, cravou o treinador italiano.<\/p>\n\n\n<div class=\"wp-block-image\">\n<figure class=\"aligncenter size-large\"><img loading=\"lazy\" decoding=\"async\" width=\"1024\" height=\"683\" src=\"https:\/\/acriticatrends.audiencelabs.com.br\/wp-content\/uploads\/2026\/04\/54475814205_77b3196e7b_k-1-1024x683.jpg\" alt=\"\" class=\"wp-image-9408\" srcset=\"https:\/\/acriticatrends.audiencelabs.com.br\/wp-content\/uploads\/2026\/04\/54475814205_77b3196e7b_k-1-1024x683.jpg 1024w, https:\/\/acriticatrends.audiencelabs.com.br\/wp-content\/uploads\/2026\/04\/54475814205_77b3196e7b_k-1-300x200.jpg 300w, https:\/\/acriticatrends.audiencelabs.com.br\/wp-content\/uploads\/2026\/04\/54475814205_77b3196e7b_k-1-768x512.jpg 768w, https:\/\/acriticatrends.audiencelabs.com.br\/wp-content\/uploads\/2026\/04\/54475814205_77b3196e7b_k-1-1536x1024.jpg 1536w, https:\/\/acriticatrends.audiencelabs.com.br\/wp-content\/uploads\/2026\/04\/54475814205_77b3196e7b_k-1-750x500.jpg 750w, https:\/\/acriticatrends.audiencelabs.com.br\/wp-content\/uploads\/2026\/04\/54475814205_77b3196e7b_k-1-1140x760.jpg 1140w, https:\/\/acriticatrends.audiencelabs.com.br\/wp-content\/uploads\/2026\/04\/54475814205_77b3196e7b_k-1.jpg 2048w\" sizes=\"auto, (max-width: 1024px) 100vw, 1024px\" \/><figcaption class=\"wp-element-caption\">Cr\u00e9ditos: Adriano Fontes\/Flamengo<\/figcaption><\/figure>\n<\/div>\n\n\n<p>O jogador n\u00e3o vem sendo titular no Flamengo e soma apenas 11 jogos em 2026 &#8211; esse \u00e9 justamente um dos questionamentos em torno de sua convoca\u00e7\u00e3o. Mas como \u00e9 um dos l\u00edderes do grupo, Carletto quer t\u00ea-lo por perto, contando com a experi\u00eancia de quem caminha para o terceiro Mundial da carreira.<\/p>\n\n\n\n<h2 class=\"wp-block-heading\">Ancelotti pode convocar outro nome do Flamengo<\/h2>\n\n\n\n<p>Al\u00e9m de Danilo, quem tamb\u00e9m pode pintar na lista final do t\u00e9cnico italiano \u00e9 Pedro &#8211; esse, sim, um dos destaques do Rubro-Negro. O centroavante vive grande fase novamente e se coloca na briga nesta reta final por uma das vagas de camisa 9.<\/p>\n\n\n\n<p>Acontece que o flamenguista enfrenta a forte concorr\u00eancia de nomes como Endrick e Igor Thiago, que est\u00e3o em alta na Europa. Os dois, inclusive, brilharam na vit\u00f3ria sobre a Cro\u00e1cia, nos Estados Unidos, no \u00faltimo amistoso.<\/p>\n\n\n\n<p>Ancelotti tem mais alguns dias para definir a convoca\u00e7\u00e3o para a disputa da Copa do Mundo de 2026. O an\u00fancio oficial ser\u00e1 feito no dia 18 de maio.<\/p>\n","protected":false},"excerpt":{"rendered":"<p>Carlo Ancelotti s\u00f3 confirmou a presen\u00e7a de um jogador na lista final da Sele\u00e7\u00e3o Brasileira para a disputa da Copa do Mundo de 2026. Trata-se de um atleta que muitos duvidavam que voltaria a ter lugar cativo no selecionado e que estaria no grupo que vai embarcar rumo ao continente norte-americano: Danilo. Em uma de [&hellip;]<\/p>\n","protected":false},"author":13,"featured_media":9407,"comment_status":"open","ping_status":"closed","sticky":false,"template":"","format":"standard","meta":{"jnews-multi-image_gallery":[],"jnews_single_post":{"format":"standard"},"jnews_primary_category":[],"jnews_social_meta":[],"jnews_post_split":[],"footnotes":""},"categories":[55],"tags":[],"class_list":["post-9406","post","type-post","status-publish","format-standard","has-post-thumbnail","hentry","category-trends"],"_links":{"self":[{"href":"https:\/\/acriticatrends.audiencelabs.com.br\/wp-json\/wp\/v2\/posts\/9406","targetHints":{"allow":["GET"]}}],"collection":[{"href":"https:\/\/acriticatrends.audiencelabs.com.br\/wp-json\/wp\/v2\/posts"}],"about":[{"href":"https:\/\/acriticatrends.audiencelabs.com.br\/wp-json\/wp\/v2\/types\/post"}],"author":[{"embeddable":true,"href":"https:\/\/acriticatrends.audiencelabs.com.br\/wp-json\/wp\/v2\/users\/13"}],"replies":[{"embeddable":true,"href":"https:\/\/acriticatrends.audiencelabs.com.br\/wp-json\/wp\/v2\/comments?post=9406"}],"version-history":[{"count":1,"href":"https:\/\/acriticatrends.audiencelabs.com.br\/wp-json\/wp\/v2\/posts\/9406\/revisions"}],"predecessor-version":[{"id":9409,"href":"https:\/\/acriticatrends.audiencelabs.com.br\/wp-json\/wp\/v2\/posts\/9406\/revisions\/9409"}],"wp:featuredmedia":[{"embeddable":true,"href":"https:\/\/acriticatrends.audiencelabs.com.br\/wp-json\/wp\/v2\/media\/9407"}],"wp:attachment":[{"href":"https:\/\/acriticatrends.audiencelabs.com.br\/wp-json\/wp\/v2\/media?parent=9406"}],"wp:term":[{"taxonomy":"category","embeddable":true,"href":"https:\/\/acriticatrends.audiencelabs.com.br\/wp-json\/wp\/v2\/categories?post=9406"},{"taxonomy":"post_tag","embeddable":true,"href":"https:\/\/acriticatrends.audiencelabs.com.br\/wp-json\/wp\/v2\/tags?post=9406"}],"curies":[{"name":"wp","href":"https:\/\/api.w.org\/{rel}","templated":true}]}}