{"id":9418,"date":"2026-04-29T11:46:00","date_gmt":"2026-04-29T14:46:00","guid":{"rendered":"https:\/\/acriticatrends.audiencelabs.com.br\/?p=9418"},"modified":"2026-04-29T09:32:53","modified_gmt":"2026-04-29T12:32:53","slug":"animal-ressurge-40-anos-apos-desaparecer-completamente-e-com-tres-novos-integrantes-na-familia","status":"publish","type":"post","link":"https:\/\/acriticatrends.audiencelabs.com.br\/animal-ressurge-40-anos-apos-desaparecer-completamente-e-com-tres-novos-integrantes-na-familia\/","title":{"rendered":"Animal ressurge 40 anos ap\u00f3s desaparecer completamente e com tr\u00eas novos integrantes na fam\u00edlia"},"content":{"rendered":"\n<p>Ap\u00f3s quase quatro d\u00e9cadas sem registros, a Ariranha voltou a habitar \u00e1reas naturais da Argentina. O retorno ocorreu no Gran Parque Iber\u00e1, onde uma fam\u00edlia completa foi reintroduzida. O feito marca um avan\u00e7o relevante na conserva\u00e7\u00e3o ambiental.<\/p>\n\n\n\n<p>A \u00faltima presen\u00e7a confirmada da esp\u00e9cie no pa\u00eds havia sido registrada em 1986. Desde ent\u00e3o, sua aus\u00eancia impactou o equil\u00edbrio dos ecossistemas aqu\u00e1ticos locais. Agora, a reintrodu\u00e7\u00e3o reacende perspectivas positivas para a biodiversidade regional.<\/p>\n\n\n\n<h3 class=\"wp-block-heading\">Reintrodu\u00e7\u00e3o hist\u00f3rica e planejamento<\/h3>\n\n\n\n<p>O projeto levou mais de oito anos para ser concretizado, envolvendo diversas institui\u00e7\u00f5es. A iniciativa foi coordenada pela Rewilding Argentina, com apoio de entidades internacionais. O processo incluiu etapas rigorosas de adapta\u00e7\u00e3o e monitoramento.<\/p>\n\n\n\n<p>Os quatro animais soltos formam um grupo familiar completo e funcional. A f\u00eamea Nima veio do Zool\u00f3gico de Madrid, enquanto o macho Coco foi trazido da Dinamarca. J\u00e1 os filhotes nasceram em territ\u00f3rio argentino, resultado do programa de reprodu\u00e7\u00e3o.<\/p>\n\n\n\n<p>Antes da soltura, os animais passaram por um per\u00edodo controlado de adapta\u00e7\u00e3o. Nesse ambiente, desenvolveram habilidades essenciais para sobreviv\u00eancia na natureza. A libera\u00e7\u00e3o ocorreu em 2025, ap\u00f3s valida\u00e7\u00e3o t\u00e9cnica das condi\u00e7\u00f5es ambientais.<\/p>\n\n\n\n<figure class=\"wp-block-image size-large\"><img loading=\"lazy\" decoding=\"async\" width=\"1024\" height=\"683\" src=\"https:\/\/acriticatrends.audiencelabs.com.br\/wp-content\/uploads\/2026\/04\/SnapInsta-Ai_3762342974681110725-1-1024x683.jpg\" alt=\"\" class=\"wp-image-9420\" srcset=\"https:\/\/acriticatrends.audiencelabs.com.br\/wp-content\/uploads\/2026\/04\/SnapInsta-Ai_3762342974681110725-1-1024x683.jpg 1024w, https:\/\/acriticatrends.audiencelabs.com.br\/wp-content\/uploads\/2026\/04\/SnapInsta-Ai_3762342974681110725-1-300x200.jpg 300w, https:\/\/acriticatrends.audiencelabs.com.br\/wp-content\/uploads\/2026\/04\/SnapInsta-Ai_3762342974681110725-1-768x512.jpg 768w, https:\/\/acriticatrends.audiencelabs.com.br\/wp-content\/uploads\/2026\/04\/SnapInsta-Ai_3762342974681110725-1-750x500.jpg 750w, https:\/\/acriticatrends.audiencelabs.com.br\/wp-content\/uploads\/2026\/04\/SnapInsta-Ai_3762342974681110725-1-1140x760.jpg 1140w, https:\/\/acriticatrends.audiencelabs.com.br\/wp-content\/uploads\/2026\/04\/SnapInsta-Ai_3762342974681110725-1.jpg 1200w\" sizes=\"auto, (max-width: 1024px) 100vw, 1024px\" \/><figcaption class=\"wp-element-caption\">Cr\u00e9ditos: Reprodu\u00e7\u00e3o Instagram @fidelpiragine<\/figcaption><\/figure>\n\n\n\n<h3 class=\"wp-block-heading\">Papel ecol\u00f3gico e caracter\u00edsticas<\/h3>\n\n\n\n<p>Considerada o maior mam\u00edfero aqu\u00e1tico da Am\u00e9rica do Sul, a Ariranha pode atingir at\u00e9 1,8 metro de comprimento. A esp\u00e9cie possui comportamento social e vive em grupos familiares organizados. Sua atividade ocorre principalmente durante o dia.<\/p>\n\n\n\n<p>O animal desempenha fun\u00e7\u00e3o estrat\u00e9gica no ecossistema. Como predador de topo, regula popula\u00e7\u00f5es de peixes e mant\u00e9m o equil\u00edbrio da cadeia alimentar. Sua aus\u00eancia pode gerar desequil\u00edbrios significativos nos ambientes aqu\u00e1ticos.<\/p>\n\n\n\n<p>Al\u00e9m disso, a esp\u00e9cie \u00e9 sens\u00edvel a altera\u00e7\u00f5es ambientais. A qualidade da \u00e1gua e a disponibilidade de alimento s\u00e3o fatores determinantes. Por isso, sua presen\u00e7a tamb\u00e9m indica condi\u00e7\u00f5es ambientais favor\u00e1veis.<\/p>\n\n\n\n<p>A extin\u00e7\u00e3o local da Ariranha foi causada por m\u00faltiplos fatores. A ca\u00e7a intensa e a perda de habitat contribu\u00edram diretamente para o desaparecimento. Seu comportamento soci\u00e1vel tamb\u00e9m a tornou vulner\u00e1vel \u00e0 a\u00e7\u00e3o humana.<\/p>\n","protected":false},"excerpt":{"rendered":"<p>Ap\u00f3s quase quatro d\u00e9cadas sem registros, a Ariranha voltou a habitar \u00e1reas naturais da Argentina. O retorno ocorreu no Gran Parque Iber\u00e1, onde uma fam\u00edlia completa foi reintroduzida. O feito marca um avan\u00e7o relevante na conserva\u00e7\u00e3o ambiental. A \u00faltima presen\u00e7a confirmada da esp\u00e9cie no pa\u00eds havia sido registrada em 1986. Desde ent\u00e3o, sua aus\u00eancia impactou [&hellip;]<\/p>\n","protected":false},"author":12,"featured_media":9419,"comment_status":"open","ping_status":"closed","sticky":false,"template":"","format":"standard","meta":{"jnews-multi-image_gallery":[],"jnews_single_post":[],"jnews_primary_category":[],"jnews_social_meta":[],"jnews_post_split":[],"footnotes":""},"categories":[55],"tags":[],"class_list":["post-9418","post","type-post","status-publish","format-standard","has-post-thumbnail","hentry","category-trends"],"_links":{"self":[{"href":"https:\/\/acriticatrends.audiencelabs.com.br\/wp-json\/wp\/v2\/posts\/9418","targetHints":{"allow":["GET"]}}],"collection":[{"href":"https:\/\/acriticatrends.audiencelabs.com.br\/wp-json\/wp\/v2\/posts"}],"about":[{"href":"https:\/\/acriticatrends.audiencelabs.com.br\/wp-json\/wp\/v2\/types\/post"}],"author":[{"embeddable":true,"href":"https:\/\/acriticatrends.audiencelabs.com.br\/wp-json\/wp\/v2\/users\/12"}],"replies":[{"embeddable":true,"href":"https:\/\/acriticatrends.audiencelabs.com.br\/wp-json\/wp\/v2\/comments?post=9418"}],"version-history":[{"count":1,"href":"https:\/\/acriticatrends.audiencelabs.com.br\/wp-json\/wp\/v2\/posts\/9418\/revisions"}],"predecessor-version":[{"id":9422,"href":"https:\/\/acriticatrends.audiencelabs.com.br\/wp-json\/wp\/v2\/posts\/9418\/revisions\/9422"}],"wp:featuredmedia":[{"embeddable":true,"href":"https:\/\/acriticatrends.audiencelabs.com.br\/wp-json\/wp\/v2\/media\/9419"}],"wp:attachment":[{"href":"https:\/\/acriticatrends.audiencelabs.com.br\/wp-json\/wp\/v2\/media?parent=9418"}],"wp:term":[{"taxonomy":"category","embeddable":true,"href":"https:\/\/acriticatrends.audiencelabs.com.br\/wp-json\/wp\/v2\/categories?post=9418"},{"taxonomy":"post_tag","embeddable":true,"href":"https:\/\/acriticatrends.audiencelabs.com.br\/wp-json\/wp\/v2\/tags?post=9418"}],"curies":[{"name":"wp","href":"https:\/\/api.w.org\/{rel}","templated":true}]}}