{"id":9421,"date":"2026-04-29T10:15:00","date_gmt":"2026-04-29T13:15:00","guid":{"rendered":"https:\/\/acriticatrends.audiencelabs.com.br\/?p=9421"},"modified":"2026-04-29T09:34:20","modified_gmt":"2026-04-29T12:34:20","slug":"novo-porto-de-r-916-milhoes-tera-terminal-de-passageiros-para-atender-ate-4-000-pessoas-por-dia","status":"publish","type":"post","link":"https:\/\/acriticatrends.audiencelabs.com.br\/novo-porto-de-r-916-milhoes-tera-terminal-de-passageiros-para-atender-ate-4-000-pessoas-por-dia\/","title":{"rendered":"Novo porto de R$ 916 milh\u00f5es ter\u00e1 terminal de passageiros para atender at\u00e9 4.000 pessoas por dia"},"content":{"rendered":"\n<p>Um novo porto de custo quase bilion\u00e1rio promete movimentar a economia de Manaus, capital do Amazonas. Recentemente, o Departamento Nacional de Infraestrutura de Transportes (Dnit) autorizou a elabora\u00e7\u00e3o dos projetos para a constru\u00e7\u00e3o da estrutura da Manaus Moderna, na Zona Sul da capital amazonense.<\/p>\n\n\n\n<p>Com investimento federal de R$ 916 milh\u00f5es, a obra tem como objetivo melhorar o transporte aquavi\u00e1rio, o abastecimento e a integra\u00e7\u00e3o regional. Dada a autoriza\u00e7\u00e3o, o cons\u00f3rcio respons\u00e1vel pode iniciar os projetos b\u00e1sico e executivo de engenharia, necess\u00e1rios antes do in\u00edcio dos trabalhos.<\/p>\n\n\n\n<p>Os projetos, de acordo com o cronograma, est\u00e3o previstos para serem conclu\u00eddos em seis meses, enquanto a execu\u00e7\u00e3o da obra ter\u00e1 24 meses. Caso os prazos sejam cumpridos, os projetos devem ser finalizados at\u00e9 outubro de 2026 e a constru\u00e7\u00e3o da estrutura portu\u00e1ria entregue em outubro de 2028.<\/p>\n\n\n<div class=\"wp-block-image\">\n<figure class=\"aligncenter size-large\"><img loading=\"lazy\" decoding=\"async\" width=\"1024\" height=\"575\" src=\"https:\/\/acriticatrends.audiencelabs.com.br\/wp-content\/uploads\/2026\/04\/maquete-eletronica-do-novo-porto-da-manaus-moderna-foto-divulgacao-dnit-1024x575.jpg\" alt=\"\" class=\"wp-image-9424\" srcset=\"https:\/\/acriticatrends.audiencelabs.com.br\/wp-content\/uploads\/2026\/04\/maquete-eletronica-do-novo-porto-da-manaus-moderna-foto-divulgacao-dnit-1024x575.jpg 1024w, https:\/\/acriticatrends.audiencelabs.com.br\/wp-content\/uploads\/2026\/04\/maquete-eletronica-do-novo-porto-da-manaus-moderna-foto-divulgacao-dnit-300x169.jpg 300w, https:\/\/acriticatrends.audiencelabs.com.br\/wp-content\/uploads\/2026\/04\/maquete-eletronica-do-novo-porto-da-manaus-moderna-foto-divulgacao-dnit-768x431.jpg 768w, https:\/\/acriticatrends.audiencelabs.com.br\/wp-content\/uploads\/2026\/04\/maquete-eletronica-do-novo-porto-da-manaus-moderna-foto-divulgacao-dnit-750x421.jpg 750w, https:\/\/acriticatrends.audiencelabs.com.br\/wp-content\/uploads\/2026\/04\/maquete-eletronica-do-novo-porto-da-manaus-moderna-foto-divulgacao-dnit-1140x640.jpg 1140w, https:\/\/acriticatrends.audiencelabs.com.br\/wp-content\/uploads\/2026\/04\/maquete-eletronica-do-novo-porto-da-manaus-moderna-foto-divulgacao-dnit.jpg 1200w\" sizes=\"auto, (max-width: 1024px) 100vw, 1024px\" \/><figcaption class=\"wp-element-caption\">Cr\u00e9ditos: Divulga\u00e7\u00e3o\/Dnit<\/figcaption><\/figure>\n<\/div>\n\n\n<p>Quando o projeto foi apresentado, em outubro de 2025, o Departamento Nacional de Infraestrutura de Transportes afirmou que a iniciativa contempla um plano de moderniza\u00e7\u00e3o da infraestrutura portu\u00e1ria da capital, que deve contribuir para melhorar a log\u00edstica e a mobilidade na regi\u00e3o.<\/p>\n\n\n\n<h2 class=\"wp-block-heading\">Detalhes do novo porto de Manaus<\/h2>\n\n\n\n<p>O novo porto ser\u00e1 erguido em uma \u00e1rea de aproximadamente 38 mil metros quadrados e incluir\u00e1 melhorias urban\u00edsticas no entorno. O empreendimento da capital ser\u00e1 dividido em dois setores principais: a Feira da Banana e a Feira da Manaus Moderna.<\/p>\n\n\n\n<p>O projeto prev\u00ea a eleva\u00e7\u00e3o de uma estrutura com capacidade para receber embarca\u00e7\u00f5es de grande porte, como ferry boats com mais de 80 metros de comprimento. O terminal de passageiros, por sua vez, ter\u00e1 capacidade para atender at\u00e9 4 mil pessoas por dia, com \u00e1reas adequadas para embarque e desembarque.<\/p>\n\n\n\n<p>Al\u00e9m disso, tamb\u00e9m est\u00e3o projetadas \u00e1reas para carga e encomendas, espa\u00e7os de fiscaliza\u00e7\u00e3o, pontos de apoio, estacionamento e \u00e1reas de conviv\u00eancia. Um plano ambicioso que pode mudar o cen\u00e1rio de Manaus nos pr\u00f3ximos anos.<\/p>\n","protected":false},"excerpt":{"rendered":"<p>Um novo porto de custo quase bilion\u00e1rio promete movimentar a economia de Manaus, capital do Amazonas. Recentemente, o Departamento Nacional de Infraestrutura de Transportes (Dnit) autorizou a elabora\u00e7\u00e3o dos projetos para a constru\u00e7\u00e3o da estrutura da Manaus Moderna, na Zona Sul da capital amazonense. Com investimento federal de R$ 916 milh\u00f5es, a obra tem como [&hellip;]<\/p>\n","protected":false},"author":13,"featured_media":9256,"comment_status":"open","ping_status":"closed","sticky":false,"template":"","format":"standard","meta":{"jnews-multi-image_gallery":[],"jnews_single_post":{"format":"standard"},"jnews_primary_category":[],"jnews_social_meta":[],"jnews_post_split":[],"footnotes":""},"categories":[55],"tags":[],"class_list":["post-9421","post","type-post","status-publish","format-standard","has-post-thumbnail","hentry","category-trends"],"_links":{"self":[{"href":"https:\/\/acriticatrends.audiencelabs.com.br\/wp-json\/wp\/v2\/posts\/9421","targetHints":{"allow":["GET"]}}],"collection":[{"href":"https:\/\/acriticatrends.audiencelabs.com.br\/wp-json\/wp\/v2\/posts"}],"about":[{"href":"https:\/\/acriticatrends.audiencelabs.com.br\/wp-json\/wp\/v2\/types\/post"}],"author":[{"embeddable":true,"href":"https:\/\/acriticatrends.audiencelabs.com.br\/wp-json\/wp\/v2\/users\/13"}],"replies":[{"embeddable":true,"href":"https:\/\/acriticatrends.audiencelabs.com.br\/wp-json\/wp\/v2\/comments?post=9421"}],"version-history":[{"count":1,"href":"https:\/\/acriticatrends.audiencelabs.com.br\/wp-json\/wp\/v2\/posts\/9421\/revisions"}],"predecessor-version":[{"id":9425,"href":"https:\/\/acriticatrends.audiencelabs.com.br\/wp-json\/wp\/v2\/posts\/9421\/revisions\/9425"}],"wp:featuredmedia":[{"embeddable":true,"href":"https:\/\/acriticatrends.audiencelabs.com.br\/wp-json\/wp\/v2\/media\/9256"}],"wp:attachment":[{"href":"https:\/\/acriticatrends.audiencelabs.com.br\/wp-json\/wp\/v2\/media?parent=9421"}],"wp:term":[{"taxonomy":"category","embeddable":true,"href":"https:\/\/acriticatrends.audiencelabs.com.br\/wp-json\/wp\/v2\/categories?post=9421"},{"taxonomy":"post_tag","embeddable":true,"href":"https:\/\/acriticatrends.audiencelabs.com.br\/wp-json\/wp\/v2\/tags?post=9421"}],"curies":[{"name":"wp","href":"https:\/\/api.w.org\/{rel}","templated":true}]}}