{"id":9432,"date":"2026-04-29T14:14:00","date_gmt":"2026-04-29T17:14:00","guid":{"rendered":"https:\/\/acriticatrends.audiencelabs.com.br\/?p=9432"},"modified":"2026-04-29T10:01:44","modified_gmt":"2026-04-29T13:01:44","slug":"mudanca-na-agua-do-oceano-coloca-em-risco-o-futuro-das-geleiras-da-antartida","status":"publish","type":"post","link":"https:\/\/acriticatrends.audiencelabs.com.br\/mudanca-na-agua-do-oceano-coloca-em-risco-o-futuro-das-geleiras-da-antartida\/","title":{"rendered":"Mudan\u00e7a na \u00e1gua do oceano coloca em risco o futuro das geleiras da Ant\u00e1rtida"},"content":{"rendered":"\n<p>Uma mudan\u00e7a silenciosa nas \u00e1guas profundas do oceano tem acendido alertas entre cientistas. Pesquisas recentes indicam que correntes mais quentes est\u00e3o avan\u00e7ando em dire\u00e7\u00e3o \u00e0 Ant\u00e1rtida, amea\u00e7ando estruturas essenciais de gelo. O fen\u00f4meno pode acelerar transforma\u00e7\u00f5es significativas no clima global.<\/p>\n\n\n\n<p>O estudo foi publicado na revista Communications Earth &amp; Environment e contou com participa\u00e7\u00e3o da Universidade de Cambridge. A pesquisa tamb\u00e9m envolveu colabora\u00e7\u00e3o da Universidade da Calif\u00f3rnia. Os dados analisados cobrem cerca de duas d\u00e9cadas de medi\u00e7\u00f5es oceanogr\u00e1ficas.<\/p>\n\n\n\n<h3 class=\"wp-block-heading\">Avan\u00e7o de \u00e1guas quentes preocupa cientistas<\/h3>\n\n\n\n<p>De acordo com o levantamento, massas de \u00e1gua quente se expandiram e migraram em dire\u00e7\u00e3o ao continente ant\u00e1rtico. Esse deslocamento foi observado por meio de sensores, navios e equipamentos aut\u00f4nomos. A tend\u00eancia j\u00e1 era prevista por modelos clim\u00e1ticos, mas faltavam evid\u00eancias concretas.<\/p>\n\n\n\n<p>O aquecimento global tem papel central nesse processo. Estima-se que mais de 90% do calor adicional gerado pelo fen\u00f4meno seja absorvido pelos oceanos. O chamado Oceano Austral concentra grande parte dessa energia acumulada.<\/p>\n\n\n\n<p>Essa mudan\u00e7a altera o equil\u00edbrio t\u00e9rmico das \u00e1guas profundas. Correntes mais quentes conseguem atingir regi\u00f5es antes protegidas por temperaturas mais baixas. Esse novo cen\u00e1rio amplia os riscos para as forma\u00e7\u00f5es de gelo.<\/p>\n\n\n\n<figure class=\"wp-block-image size-large\"><img loading=\"lazy\" decoding=\"async\" width=\"1024\" height=\"612\" src=\"https:\/\/acriticatrends.audiencelabs.com.br\/wp-content\/uploads\/2026\/04\/66-north-NaQMJ-xNDWI-unsplash-1024x612.jpg\" alt=\"\" class=\"wp-image-9434\" srcset=\"https:\/\/acriticatrends.audiencelabs.com.br\/wp-content\/uploads\/2026\/04\/66-north-NaQMJ-xNDWI-unsplash-1024x612.jpg 1024w, https:\/\/acriticatrends.audiencelabs.com.br\/wp-content\/uploads\/2026\/04\/66-north-NaQMJ-xNDWI-unsplash-300x179.jpg 300w, https:\/\/acriticatrends.audiencelabs.com.br\/wp-content\/uploads\/2026\/04\/66-north-NaQMJ-xNDWI-unsplash-768x459.jpg 768w, https:\/\/acriticatrends.audiencelabs.com.br\/wp-content\/uploads\/2026\/04\/66-north-NaQMJ-xNDWI-unsplash-1536x918.jpg 1536w, https:\/\/acriticatrends.audiencelabs.com.br\/wp-content\/uploads\/2026\/04\/66-north-NaQMJ-xNDWI-unsplash-750x448.jpg 750w, https:\/\/acriticatrends.audiencelabs.com.br\/wp-content\/uploads\/2026\/04\/66-north-NaQMJ-xNDWI-unsplash-1140x682.jpg 1140w, https:\/\/acriticatrends.audiencelabs.com.br\/wp-content\/uploads\/2026\/04\/66-north-NaQMJ-xNDWI-unsplash.jpg 1920w\" sizes=\"auto, (max-width: 1024px) 100vw, 1024px\" \/><figcaption class=\"wp-element-caption\">Cr\u00e9ditos: 66 north \/ Unsplash<\/figcaption><\/figure>\n\n\n\n<h3 class=\"wp-block-heading\">Impactos diretos nas plataformas de gelo<\/h3>\n\n\n\n<p>As plataformas de gelo funcionam como barreiras naturais que sustentam grandes massas glaciais. Quando expostas a \u00e1guas mais quentes, passam a derreter por baixo. Esse processo compromete sua estabilidade estrutural.<\/p>\n\n\n\n<p>Com o enfraquecimento dessas barreiras, geleiras podem avan\u00e7ar mais rapidamente para o mar. Isso contribui diretamente para a eleva\u00e7\u00e3o do n\u00edvel dos oceanos. A Ant\u00e1rtida concentra volume suficiente de gelo para causar impactos globais expressivos.<\/p>\n\n\n\n<p>Al\u00e9m disso, a altera\u00e7\u00e3o na circula\u00e7\u00e3o oce\u00e2nica agrava o problema. Regi\u00f5es antes isoladas por \u00e1guas frias agora recebem calor constante. Esse processo cont\u00ednuo acelera o desgaste das plataformas.<\/p>\n\n\n\n<p>O impacto n\u00e3o se limita ao derretimento do gelo. O Oceano Austral desempenha papel essencial na regula\u00e7\u00e3o do clima do planeta. Ele atua no armazenamento de calor e na absor\u00e7\u00e3o de carbono da atmosfera.<\/p>\n","protected":false},"excerpt":{"rendered":"<p>Uma mudan\u00e7a silenciosa nas \u00e1guas profundas do oceano tem acendido alertas entre cientistas. Pesquisas recentes indicam que correntes mais quentes est\u00e3o avan\u00e7ando em dire\u00e7\u00e3o \u00e0 Ant\u00e1rtida, amea\u00e7ando estruturas essenciais de gelo. O fen\u00f4meno pode acelerar transforma\u00e7\u00f5es significativas no clima global. O estudo foi publicado na revista Communications Earth &amp; Environment e contou com participa\u00e7\u00e3o da [&hellip;]<\/p>\n","protected":false},"author":12,"featured_media":9433,"comment_status":"open","ping_status":"closed","sticky":false,"template":"","format":"standard","meta":{"jnews-multi-image_gallery":[],"jnews_single_post":{"format":"standard"},"jnews_primary_category":[],"jnews_social_meta":[],"jnews_post_split":[],"footnotes":""},"categories":[55],"tags":[],"class_list":["post-9432","post","type-post","status-publish","format-standard","has-post-thumbnail","hentry","category-trends"],"_links":{"self":[{"href":"https:\/\/acriticatrends.audiencelabs.com.br\/wp-json\/wp\/v2\/posts\/9432","targetHints":{"allow":["GET"]}}],"collection":[{"href":"https:\/\/acriticatrends.audiencelabs.com.br\/wp-json\/wp\/v2\/posts"}],"about":[{"href":"https:\/\/acriticatrends.audiencelabs.com.br\/wp-json\/wp\/v2\/types\/post"}],"author":[{"embeddable":true,"href":"https:\/\/acriticatrends.audiencelabs.com.br\/wp-json\/wp\/v2\/users\/12"}],"replies":[{"embeddable":true,"href":"https:\/\/acriticatrends.audiencelabs.com.br\/wp-json\/wp\/v2\/comments?post=9432"}],"version-history":[{"count":1,"href":"https:\/\/acriticatrends.audiencelabs.com.br\/wp-json\/wp\/v2\/posts\/9432\/revisions"}],"predecessor-version":[{"id":9435,"href":"https:\/\/acriticatrends.audiencelabs.com.br\/wp-json\/wp\/v2\/posts\/9432\/revisions\/9435"}],"wp:featuredmedia":[{"embeddable":true,"href":"https:\/\/acriticatrends.audiencelabs.com.br\/wp-json\/wp\/v2\/media\/9433"}],"wp:attachment":[{"href":"https:\/\/acriticatrends.audiencelabs.com.br\/wp-json\/wp\/v2\/media?parent=9432"}],"wp:term":[{"taxonomy":"category","embeddable":true,"href":"https:\/\/acriticatrends.audiencelabs.com.br\/wp-json\/wp\/v2\/categories?post=9432"},{"taxonomy":"post_tag","embeddable":true,"href":"https:\/\/acriticatrends.audiencelabs.com.br\/wp-json\/wp\/v2\/tags?post=9432"}],"curies":[{"name":"wp","href":"https:\/\/api.w.org\/{rel}","templated":true}]}}