{"id":9436,"date":"2026-04-29T21:15:00","date_gmt":"2026-04-30T00:15:00","guid":{"rendered":"https:\/\/acriticatrends.audiencelabs.com.br\/?p=9436"},"modified":"2026-04-29T10:06:06","modified_gmt":"2026-04-29T13:06:06","slug":"nova-temporada-de-a-casa-do-dragao-chega-durante-a-copa-do-mundo","status":"publish","type":"post","link":"https:\/\/acriticatrends.audiencelabs.com.br\/nova-temporada-de-a-casa-do-dragao-chega-durante-a-copa-do-mundo\/","title":{"rendered":"Nova temporada de A Casa do Drag\u00e3o chega durante a Copa do Mundo"},"content":{"rendered":"\n<p>A nova fase de A Casa do Drag\u00e3o j\u00e1 tem data confirmada e promete movimentar o p\u00fablico. A terceira temporada estreia em 21 de junho na HBO Max. O lan\u00e7amento acontece em um per\u00edodo marcado tamb\u00e9m pela realiza\u00e7\u00e3o da Copa do Mundo, o que pode dividir a aten\u00e7\u00e3o dos espectadores.<\/p>\n\n\n\n<p>O an\u00fancio foi refor\u00e7ado com a divulga\u00e7\u00e3o de um novo trailer durante a CCXP M\u00e9xico. A pr\u00e9via apresentou cenas intensas e indicou uma escalada nos conflitos centrais da trama. A expectativa entre os f\u00e3s aumentou ap\u00f3s o evento.<\/p>\n\n\n\n<h3 class=\"wp-block-heading\">Conflitos ganham escala na nova temporada<\/h3>\n\n\n\n<p>Derivada de Game of Thrones, a produ\u00e7\u00e3o acompanha a disputa interna da Casa Targaryen pelo poder. A narrativa se aprofunda na luta pelo Trono de Ferro, envolvendo intrigas pol\u00edticas e alian\u00e7as inst\u00e1veis. O enredo continua explorando divis\u00f5es que surgiram ainda nas temporadas anteriores.<\/p>\n\n\n\n<p>A hist\u00f3ria tem origem no reinado de Viserys I, que escolhe sua filha como sucessora. Essa decis\u00e3o desencadeia tens\u00f5es dentro da fam\u00edlia e entre aliados. A partir da\u00ed, o conflito evolui para uma disputa aberta entre fac\u00e7\u00f5es rivais.<\/p>\n\n\n\n<p>Na fase mais recente, a rivalidade entre Pretos e Verdes atinge um novo patamar. Batalhas mais amplas e estrat\u00e9gias complexas passam a definir o rumo da guerra. Drag\u00f5es continuam sendo pe\u00e7as centrais nesse cen\u00e1rio.<\/p>\n\n\n\n<figure class=\"wp-block-image size-large\"><img loading=\"lazy\" decoding=\"async\" width=\"1024\" height=\"576\" src=\"https:\/\/acriticatrends.audiencelabs.com.br\/wp-content\/uploads\/2026\/04\/Copa-do-Mundo-2026-conheca-a-Trionda-bola-oficial-0021348700202510040824-8-1024x576.jpg\" alt=\"\" class=\"wp-image-9438\" srcset=\"https:\/\/acriticatrends.audiencelabs.com.br\/wp-content\/uploads\/2026\/04\/Copa-do-Mundo-2026-conheca-a-Trionda-bola-oficial-0021348700202510040824-8-1024x576.jpg 1024w, https:\/\/acriticatrends.audiencelabs.com.br\/wp-content\/uploads\/2026\/04\/Copa-do-Mundo-2026-conheca-a-Trionda-bola-oficial-0021348700202510040824-8-300x169.jpg 300w, https:\/\/acriticatrends.audiencelabs.com.br\/wp-content\/uploads\/2026\/04\/Copa-do-Mundo-2026-conheca-a-Trionda-bola-oficial-0021348700202510040824-8-768x432.jpg 768w, https:\/\/acriticatrends.audiencelabs.com.br\/wp-content\/uploads\/2026\/04\/Copa-do-Mundo-2026-conheca-a-Trionda-bola-oficial-0021348700202510040824-8-750x422.jpg 750w, https:\/\/acriticatrends.audiencelabs.com.br\/wp-content\/uploads\/2026\/04\/Copa-do-Mundo-2026-conheca-a-Trionda-bola-oficial-0021348700202510040824-8-1140x641.jpg 1140w, https:\/\/acriticatrends.audiencelabs.com.br\/wp-content\/uploads\/2026\/04\/Copa-do-Mundo-2026-conheca-a-Trionda-bola-oficial-0021348700202510040824-8.jpg 1200w\" sizes=\"auto, (max-width: 1024px) 100vw, 1024px\" \/><figcaption class=\"wp-element-caption\">Cr\u00e9ditos: Divulga\u00e7\u00e3o\/Adidas<\/figcaption><\/figure>\n\n\n\n<h3 class=\"wp-block-heading\">Elenco e pr\u00e9vias refor\u00e7am expectativa<\/h3>\n\n\n\n<p>O trailer exibido no evento contou com a presen\u00e7a de nomes importantes do elenco. Matt Smith, Olivia Cooke e Fabien Frankel participaram da apresenta\u00e7\u00e3o. O painel destacou momentos decisivos da nova temporada.<\/p>\n\n\n\n<p>As imagens reveladas sugerem um clima mais sombrio e tenso. A produ\u00e7\u00e3o aposta em cenas de confronto direto e desenvolvimento dram\u00e1tico dos personagens. A narrativa deve avan\u00e7ar em ritmo acelerado.<\/p>\n\n\n\n<p>A divulga\u00e7\u00e3o ampliou o engajamento nas redes sociais. F\u00e3s discutem teorias e poss\u00edveis desdobramentos da hist\u00f3ria. A proximidade da estreia intensifica o interesse pelo universo da s\u00e9rie.<\/p>\n","protected":false},"excerpt":{"rendered":"<p>A nova fase de A Casa do Drag\u00e3o j\u00e1 tem data confirmada e promete movimentar o p\u00fablico. A terceira temporada estreia em 21 de junho na HBO Max. O lan\u00e7amento acontece em um per\u00edodo marcado tamb\u00e9m pela realiza\u00e7\u00e3o da Copa do Mundo, o que pode dividir a aten\u00e7\u00e3o dos espectadores. O an\u00fancio foi refor\u00e7ado com [&hellip;]<\/p>\n","protected":false},"author":12,"featured_media":9437,"comment_status":"open","ping_status":"closed","sticky":false,"template":"","format":"standard","meta":{"jnews-multi-image_gallery":[],"jnews_single_post":{"format":"standard"},"jnews_primary_category":[],"jnews_social_meta":[],"jnews_post_split":[],"footnotes":""},"categories":[55],"tags":[],"class_list":["post-9436","post","type-post","status-publish","format-standard","has-post-thumbnail","hentry","category-trends"],"_links":{"self":[{"href":"https:\/\/acriticatrends.audiencelabs.com.br\/wp-json\/wp\/v2\/posts\/9436","targetHints":{"allow":["GET"]}}],"collection":[{"href":"https:\/\/acriticatrends.audiencelabs.com.br\/wp-json\/wp\/v2\/posts"}],"about":[{"href":"https:\/\/acriticatrends.audiencelabs.com.br\/wp-json\/wp\/v2\/types\/post"}],"author":[{"embeddable":true,"href":"https:\/\/acriticatrends.audiencelabs.com.br\/wp-json\/wp\/v2\/users\/12"}],"replies":[{"embeddable":true,"href":"https:\/\/acriticatrends.audiencelabs.com.br\/wp-json\/wp\/v2\/comments?post=9436"}],"version-history":[{"count":1,"href":"https:\/\/acriticatrends.audiencelabs.com.br\/wp-json\/wp\/v2\/posts\/9436\/revisions"}],"predecessor-version":[{"id":9439,"href":"https:\/\/acriticatrends.audiencelabs.com.br\/wp-json\/wp\/v2\/posts\/9436\/revisions\/9439"}],"wp:featuredmedia":[{"embeddable":true,"href":"https:\/\/acriticatrends.audiencelabs.com.br\/wp-json\/wp\/v2\/media\/9437"}],"wp:attachment":[{"href":"https:\/\/acriticatrends.audiencelabs.com.br\/wp-json\/wp\/v2\/media?parent=9436"}],"wp:term":[{"taxonomy":"category","embeddable":true,"href":"https:\/\/acriticatrends.audiencelabs.com.br\/wp-json\/wp\/v2\/categories?post=9436"},{"taxonomy":"post_tag","embeddable":true,"href":"https:\/\/acriticatrends.audiencelabs.com.br\/wp-json\/wp\/v2\/tags?post=9436"}],"curies":[{"name":"wp","href":"https:\/\/api.w.org\/{rel}","templated":true}]}}