{"id":9441,"date":"2026-05-03T06:15:00","date_gmt":"2026-05-03T09:15:00","guid":{"rendered":"https:\/\/acriticatrends.audiencelabs.com.br\/?p=9441"},"modified":"2026-04-30T14:15:44","modified_gmt":"2026-04-30T17:15:44","slug":"inss-pede-que-aposentados-se-preparem-para-o-que-vai-acontecer-dia-25-05","status":"publish","type":"post","link":"https:\/\/acriticatrends.audiencelabs.com.br\/inss-pede-que-aposentados-se-preparem-para-o-que-vai-acontecer-dia-25-05\/","title":{"rendered":"INSS pede que aposentados se preparem para o que vai acontecer dia 25\/05"},"content":{"rendered":"\n<p>O Instituto Nacional do Seguro Social (INSS) ir\u00e1 liberar a segunda parcela do 13\u00ba sal\u00e1rio para aposentados e pensionistas. Seguindo o cronograma de pagamentos, o \u00f3rg\u00e3o dar\u00e1 in\u00edcio aos repasses no dia 25 de maio, que se estender\u00e3o at\u00e9 os primeiros dias de junho.<\/p>\n\n\n\n<p>A antecipa\u00e7\u00e3o do abono faz parte da estrat\u00e9gia adotada pelo Governo Federal nos \u00faltimos anos de estimular a economia ainda no primeiro semestre. Estima-se que mais de 35,2 milh\u00f5es de segurados em todo o territ\u00f3rio brasileiro ser\u00e3o beneficiados por ela.<\/p>\n\n\n\n<p>Ao todo, devem ser injetados R$ 78,2 bilh\u00f5es na economia at\u00e9 junho, consolidando a antecipa\u00e7\u00e3o como uma pol\u00edtica econ\u00f4mica relevante. As cifras bilion\u00e1rias devem movimentar o consumo, especialmente entre as fam\u00edlias de baixa renda, impactando consideravelmente o or\u00e7amento dom\u00e9stico.<\/p>\n\n\n<div class=\"wp-block-image\">\n<figure class=\"aligncenter size-large\"><img loading=\"lazy\" decoding=\"async\" width=\"1024\" height=\"682\" src=\"https:\/\/acriticatrends.audiencelabs.com.br\/wp-content\/uploads\/2026\/03\/real_moeda_dinheiro_mcajr_2904223669-1-1024x682.jpg\" alt=\"\" class=\"wp-image-4027\" srcset=\"https:\/\/acriticatrends.audiencelabs.com.br\/wp-content\/uploads\/2026\/03\/real_moeda_dinheiro_mcajr_2904223669-1-1024x682.jpg 1024w, https:\/\/acriticatrends.audiencelabs.com.br\/wp-content\/uploads\/2026\/03\/real_moeda_dinheiro_mcajr_2904223669-1-300x200.jpg 300w, https:\/\/acriticatrends.audiencelabs.com.br\/wp-content\/uploads\/2026\/03\/real_moeda_dinheiro_mcajr_2904223669-1-768x511.jpg 768w, https:\/\/acriticatrends.audiencelabs.com.br\/wp-content\/uploads\/2026\/03\/real_moeda_dinheiro_mcajr_2904223669-1-1536x1022.jpg 1536w, https:\/\/acriticatrends.audiencelabs.com.br\/wp-content\/uploads\/2026\/03\/real_moeda_dinheiro_mcajr_2904223669-1-2048x1363.jpg 2048w, https:\/\/acriticatrends.audiencelabs.com.br\/wp-content\/uploads\/2026\/03\/real_moeda_dinheiro_mcajr_2904223669-1-750x499.jpg 750w, https:\/\/acriticatrends.audiencelabs.com.br\/wp-content\/uploads\/2026\/03\/real_moeda_dinheiro_mcajr_2904223669-1-1140x759.jpg 1140w\" sizes=\"auto, (max-width: 1024px) 100vw, 1024px\" \/><figcaption class=\"wp-element-caption\">Cr\u00e9ditos: Marcello Casal Jr\/Ag\u00eancia Brasil\/Arquivo<\/figcaption><\/figure>\n<\/div>\n\n\n<p>O dep\u00f3sito \u00e9 feito junto \u00e0 folha mensal regular, o que facilita o acesso ao dinheiro e reduz a necessidade de opera\u00e7\u00f5es adicionais. T\u00eam direito ao benef\u00edcio: aposentados, pensionistas por morte, benefici\u00e1rios de aux\u00edlio por incapacidade tempor\u00e1ria, aux\u00edlio-acidente e aux\u00edlio-reclus\u00e3o. Ficam de fora benefici\u00e1rios do BPC (Benef\u00edcio de Presta\u00e7\u00e3o Continuada) e da Renda Mensal Vital\u00edcia.<\/p>\n\n\n<style>@media (min-width: 992px) {\n    .recomendadorV2Area1 {\n        width: 280px;\n    }\n    .recomendadorV2Area2 {\n        padding: 0px 20px;\n        width: calc(100% - 280px);\n    }\n}\n\n@media (max-width: 992px) {\n    .recomendadorV2Button {\n        margin: 0 auto;\n    }\n    .recomendadorV2Area {\n        flex-direction: column;\n        text-align: center;\n    }\n    .recomendadorV2Area2 {\n        padding: 0px 20px;\n    }\n}\n\n.recomendadorV2Area {\n    background: #eeeeee3d;\n    border-radius: 10px;\n    padding: 15px;\n    display: flex;\n    margin: 15px auto;\n    border: 1px solid #00000014;\n    max-width: 800px;\n}\n\n.recomendadorV2Area1 img {\n    width: 280px;\n    height: auto;\n    border-radius: 8px;\n}\n\n.linkrecomendadorv2 {\n    text-decoration: none !important;\n}\n\n.recomendadorV2Area2 .recomendadorV2Type {\n    text-transform: uppercase;\n    font-weight: 500;\n    font-size: 11px;\n    letter-spacing: 2px;\n    color: #666;\n    margin: 12px 0;\n    display: block;\n}\n\n.recomendadorV2Title h2 {\n    padding-top: 0px !important;\n    margin: 0px !important;\n    border-left: none !important;\n    padding-left: 0px !important;\n    line-height: 1.3;\n    color: #000 !important;\n    font-size: 24px;\n    margin-bottom: 12px !important;\n}\n\n.recomendadorV2Desc {\n    color: #333;\n    margin: 12px 0px !important;\n    font-size: 15px;\n    line-height: 1.5;\n}\n\n.recomendadorV2Button {\n    width: auto;\n    max-width: 200px;\n    margin: 0;\n    display: inline-flex;\n    align-items: center;\n    background: #1D3557;\n    border-radius: 8px;\n    color: #fff;\n    height: 36px;\n    justify-content: center;\n    text-align: center;\n    font-size: 14px;\n    padding: 0 20px;\n    transition: background-color 0.2s ease;\n}\n\n.recomendadorV2Button:hover {\n    background: #2a4d7a;\n}\n\n.recomendadorV2Button:after {\n    margin-top: -2px;\n    content: \"\u2192\";\n    padding: 0px 0px 0px 8px;\n}\n\n.recomendadorV2Alert {\n    text-align: left;\n    font-size: 11px;\n    margin-top: 8px;\n    color: #666;\n}\n\n.recomendadorFixedArea {\n    width: 100%;\n    display: flex;\n    justify-content: center;\n    align-items: center;\n}\n\n@media (min-width: 992px) {\n    #recomendadorFixed {\n        width: 32% !important;\n        left: 5%;\n    }\n    .recomendadorCloseFixed{\n        right: inherit !important;\n        left: 378px !important;\n    }\n}\n\n#recomendadorFixed {\n    width: 90%;\n    box-shadow: 0 10px 20px 0px #00000057;\n    display: none;\n    height: 90px;\n    background: #F6F6F6;\n    position: fixed;\n    flex-direction: row;\n    bottom: 10px;\n    z-index: 9999;\n    border-radius: 16px;\n    padding: 7px 10px;\n}\n\n.recomendadorLeftArea {\n    width: 160px;\n}\n\n.recomendadorRightArea h2 {\n    padding-top: 0px;\n    margin: 2px 0px 4px 0px !important;\n    font-weight: 400;\n    text-align: center;\n    padding-left: 0px !important;\n    color: #000 !important;\n    border-left: none !important;\n    line-height: 20px;\n    font-size: 12px !important;\n}\n\n.recomendadorImgFixed {\n    overflow: hidden;\n    padding: 8px 6px;\n    height: 100%;\n}\n\n.recomendadorImgFixed img {\n    height: 100% !important;\n    border-radius: 16px;\n}\n\n.recomendadorRightArea {\n    padding-top: 6px;\n    display: flex;\n    width: calc(100% - 130px);\n    justify-content: space-between;\n    align-items: center;\n    flex-direction: column;\n}\n\n.recomendadorButtonFixed {\n    margin: 0 auto;\n    background: #1D3557;\n    width: 80%;\n    text-align: center;\n    font-size: 10px;\n    color: #FFF;\n    padding: 2px 10px;\n    border-radius: 3px;\n}\n\n.recomendadorButtonFixed:after {\n    margin-top: -3px;\n    content: \"\u2192\";\n    padding: 0px 0px 0px 10px;\n}\n\n.recomendadorAlertFixed {\n    font-weight: 400;\n    text-align: center;\n    color: #484848;\n    font-size: 8px;\n}\n\n.recomendadorCloseFixed {\n    z-index: 99999;\n    display: none;\n    right: 0px;\n    left: inherit;\n    bottom: 99px;\n    position: fixed;\n    justify-content: center;\n    background: #F6F6F6;\n    width: 25px;\n    align-items: center;\n    height: 25px;\n    font-weight: 800;\n    border-radius: 50%;\n    border: 1px solid #EBEBEB;\n}\n\n.recomendadorV2Desc{\n    color: #000000;\n    margin: 20px 0px;\n}\n\n@media (max-width: 576px) {\n    .recomendadorV2Area {\n      padding: 10px;\n      max-width: 100%;\n    }\n  \n    .recomendadorV2Area1 img {\n      width: 100%;\n      border-radius: 6px;\n    }\n  \n    .recomendadorV2Area2 .recomendadorV2Type {\n      font-size: 9px;\n      letter-spacing: 1px;\n      margin: 8px 0;\n    }\n  \n    .recomendadorV2Title h2 {\n      font-size: 18px !important;\n      margin-bottom: 8px !important;\n      line-height: 1.2;\n    }\n  \n    .recomendadorV2Desc {\n      font-size: 14px;\n      margin: 8px 0 !important;\n      line-height: 1.4;\n    }\n  \n    .recomendadorV2Button {\n      font-size: 14px;\n      height: 40px;\n      padding: 0 12px;\n      max-width: 100%;\n      width: 100%;\n    }\n  \n    .recomendadorV2Button:after {\n      padding-left: 6px;\n    }\n  }\n  <\/style>\n        <div class=\"lazyblock-recomendador-v2-2jDGz wp-block-lazyblock-recomendador-v2\">\n        <a class=\"linkrecomendadorv2\" href=\"https:\/\/www.acritica.com\/trends\/mei-que-atrasa-o-pagamento-da-guia-das-perde-beneficios-do-inss\/?utm_source=lazy\" target=\"_blank\" rel=\"noopener\">\n            <div class=\"recomendadorV2Area\">\n            <div class=\"recomendadorV2Area1\">\n                <div class=\"recomendadorV2Img\">\n                <img class=\"lazyloaded\" decoding=\"async\" src=\"https:\/\/www.acritica.com\/trends\/wp-content\/uploads\/2026\/02\/aplicativo_simples_nacional_mcajr_abr_20220121_0081-1140x570.jpg\" data-src=\"https:\/\/www.acritica.com\/trends\/wp-content\/uploads\/2026\/02\/aplicativo_simples_nacional_mcajr_abr_20220121_0081-1140x570.jpg\" alt=\"\">\n                <\/div>\n            <\/div>\n            <div class=\"recomendadorV2Area2\">\n                <div class=\"recomendadorV2Type\">\n                    <span>MEI atraso<\/span>\n                <\/div>\n                <div class=\"recomendadorV2Title\">\n                <h2><span>Perde benef\u00edcios \u26a0\ufe0f<\/span><\/h2>\n                <\/div>\n                <div class=\"recomendadorV2Desc\">\n                <span>Atrasou o DAS? Veja riscos e evite preju\u00edzos<\/span>\n                <\/div>\n                <div class=\"recomendadorV2Button\">Entenda agora<\/div>\n                <div class=\"recomendadorV2Alert\"><\/div>\n            <\/div>\n            <\/div>\n        <\/a>\n        <div>\n            <div style=\"z-index:99999;\" id=\"buttonClose\" onclick=\"closeRecomendadorFixed()\">\n            <div class=\"recomendadorCloseFixed\">X<\/div>\n            <\/div>\n            <a href=\"https:\/\/www.acritica.com\/trends\/mei-que-atrasa-o-pagamento-da-guia-das-perde-beneficios-do-inss\/?utm_source=lazy\" target=\"_blank\" rel=\"noopener\">\n            <div class=\"recomendadorFixedArea\">\n                <div id=\"recomendadorFixed\">\n                <div class=\"recomendadorLeftArea\">\n                    <div class=\"recomendadorImgFixed\">\n                    <img class=\"lazyload\" decoding=\"async\" src=\"https:\/\/www.acritica.com\/trends\/wp-content\/uploads\/2026\/02\/aplicativo_simples_nacional_mcajr_abr_20220121_0081-1140x570.jpg\" alt=\"\">\n                    <\/div>\n                <\/div>\n                <div class=\"recomendadorRightArea\">\n                    <div class=\"recomendadorTitleFixed\">\n                    <h2><span>Perde benef\u00edcios \u26a0\ufe0f<\/span><\/h2>\n                    <\/div>\n                    <div class=\"recomendadorButtonFixed\">Entenda agora<\/div>\n                    <div class=\"recomendadorAlertFixed\"><\/div>\n                <\/div>\n                <\/div>\n            <\/div>\n            <\/a>\n        <\/div>\n        <\/div>\n\n\n\n<h2 class=\"wp-block-heading\">Pagamento do 13\u00ba do INSS<\/h2>\n\n\n\n<p>Os segurados que recebem at\u00e9 um sal\u00e1rio m\u00ednimo (R$ 1.621) s\u00e3o os primeiros a receberem o abono salarial &#8211; os repasses s\u00e3o feitos conforme o n\u00famero final do NIS. J\u00e1 quem ganha acima do piso \u00e9 contemplado depois, em dois lotes de pagamento, conforme o calend\u00e1rio:<\/p>\n\n\n\n<p><strong>Para quem recebe at\u00e9 um sal\u00e1rio m\u00ednimo<\/strong><\/p>\n\n\n\n<ul class=\"wp-block-list\">\n<li>Final 1: 25 de maio<\/li>\n\n\n\n<li>Final 2: 26 de maio<\/li>\n\n\n\n<li>Final 3: 27 de maio<\/li>\n\n\n\n<li>Final 4: 28 de maio<\/li>\n\n\n\n<li>Final 5: 29 de maio<\/li>\n\n\n\n<li>Final 6: 1\u00ba de junho<\/li>\n\n\n\n<li>Final 7: 2 de junho<\/li>\n\n\n\n<li>Final 8: 3 de junho<\/li>\n\n\n\n<li>Final 9: 5 de junho<\/li>\n\n\n\n<li>Final 0: 8 de junho<\/li>\n<\/ul>\n\n\n\n<p><strong>Para benefici\u00e1rios com renda superior ao piso nacional<\/strong><\/p>\n\n\n\n<ul class=\"wp-block-list\">\n<li>Finais 1 e 6: 1\u00ba de junho<\/li>\n\n\n\n<li>Finais 2 e 7: 2 de junho<\/li>\n\n\n\n<li>Finais 3 e 8: 3 de junho<\/li>\n\n\n\n<li>Finais 4 e 9: 5 de junho<\/li>\n\n\n\n<li>Finais 5 e 0: 8 de junho<\/li>\n<\/ul>\n","protected":false},"excerpt":{"rendered":"<p>O Instituto Nacional do Seguro Social (INSS) ir\u00e1 liberar a segunda parcela do 13\u00ba sal\u00e1rio para aposentados e pensionistas. Seguindo o cronograma de pagamentos, o \u00f3rg\u00e3o dar\u00e1 in\u00edcio aos repasses no dia 25 de maio, que se estender\u00e3o at\u00e9 os primeiros dias de junho. A antecipa\u00e7\u00e3o do abono faz parte da estrat\u00e9gia adotada pelo Governo [&hellip;]<\/p>\n","protected":false},"author":13,"featured_media":4127,"comment_status":"open","ping_status":"closed","sticky":false,"template":"","format":"standard","meta":{"jnews-multi-image_gallery":[],"jnews_single_post":{"format":"standard"},"jnews_primary_category":[],"jnews_social_meta":[],"jnews_post_split":[],"footnotes":""},"categories":[55],"tags":[],"class_list":["post-9441","post","type-post","status-publish","format-standard","has-post-thumbnail","hentry","category-trends"],"_links":{"self":[{"href":"https:\/\/acriticatrends.audiencelabs.com.br\/wp-json\/wp\/v2\/posts\/9441","targetHints":{"allow":["GET"]}}],"collection":[{"href":"https:\/\/acriticatrends.audiencelabs.com.br\/wp-json\/wp\/v2\/posts"}],"about":[{"href":"https:\/\/acriticatrends.audiencelabs.com.br\/wp-json\/wp\/v2\/types\/post"}],"author":[{"embeddable":true,"href":"https:\/\/acriticatrends.audiencelabs.com.br\/wp-json\/wp\/v2\/users\/13"}],"replies":[{"embeddable":true,"href":"https:\/\/acriticatrends.audiencelabs.com.br\/wp-json\/wp\/v2\/comments?post=9441"}],"version-history":[{"count":2,"href":"https:\/\/acriticatrends.audiencelabs.com.br\/wp-json\/wp\/v2\/posts\/9441\/revisions"}],"predecessor-version":[{"id":9635,"href":"https:\/\/acriticatrends.audiencelabs.com.br\/wp-json\/wp\/v2\/posts\/9441\/revisions\/9635"}],"wp:featuredmedia":[{"embeddable":true,"href":"https:\/\/acriticatrends.audiencelabs.com.br\/wp-json\/wp\/v2\/media\/4127"}],"wp:attachment":[{"href":"https:\/\/acriticatrends.audiencelabs.com.br\/wp-json\/wp\/v2\/media?parent=9441"}],"wp:term":[{"taxonomy":"category","embeddable":true,"href":"https:\/\/acriticatrends.audiencelabs.com.br\/wp-json\/wp\/v2\/categories?post=9441"},{"taxonomy":"post_tag","embeddable":true,"href":"https:\/\/acriticatrends.audiencelabs.com.br\/wp-json\/wp\/v2\/tags?post=9441"}],"curies":[{"name":"wp","href":"https:\/\/api.w.org\/{rel}","templated":true}]}}