{"id":9475,"date":"2026-04-29T15:15:00","date_gmt":"2026-04-29T18:15:00","guid":{"rendered":"https:\/\/acriticatrends.audiencelabs.com.br\/?p=9475"},"modified":"2026-04-29T11:43:29","modified_gmt":"2026-04-29T14:43:29","slug":"aos-34-anos-ricardo-goulart-abandona-aposentadoria-e-fecha-com-clube-paulista","status":"publish","type":"post","link":"https:\/\/acriticatrends.audiencelabs.com.br\/aos-34-anos-ricardo-goulart-abandona-aposentadoria-e-fecha-com-clube-paulista\/","title":{"rendered":"Aos 34 anos, Ricardo Goulart abandona aposentadoria e fecha com clube paulista"},"content":{"rendered":"\n<p>Atualmente aos 34 anos, Ricardo Goulart surpreendeu ao voltar aos gramados ap\u00f3s aposentadoria e acertar com um clube paulista, justamente em um cen\u00e1rio inesperado no futebol. A decis\u00e3o chamou aten\u00e7\u00e3o porque marca uma retomada pouco comum na carreira de atletas que j\u00e1 haviam pendurado as chuteiras.<\/p>\n\n\n\n<p>O atacante, que iniciou sua trajet\u00f3ria no futebol amador defendendo o <strong>Santana<\/strong>, equipe de S\u00e3o Jos\u00e9 dos Campos. O jogador fez sua estreia no \u00faltimo domingo (26), entrando no decorrer da partida contra o Vila Machado.<\/p>\n\n\n\n<p>O confronto aconteceu pela nona rodada da divis\u00e3o especial da Acaf, na AD Parahyba, e terminou sem gols. Ainda assim, Goulart esteve em campo por 37 minutos, mostrando justamente disposi\u00e7\u00e3o para recome\u00e7ar.<\/p>\n\n\n\n<p>Natural de S\u00e3o Jos\u00e9 dos Campos, o atleta construiu carreira s\u00f3lida antes da aposentadoria, passando por clubes como Santo Andr\u00e9 e Goi\u00e1s. No entanto, foi no Cruzeiro que ganhou proje\u00e7\u00e3o nacional e se destacou de forma mais consistente.<\/p>\n\n\n\n<p>Com a camisa da equipe mineira, viveu seu auge ao conquistar dois t\u00edtulos do Campeonato Brasileiro, em 2013 e 2014. Naquele per\u00edodo, formou dupla de destaque com \u00c9verton Ribeiro, sendo pe\u00e7a importante no elenco.<\/p>\n\n\n\n<p>Ap\u00f3s o sucesso, seguiu para o futebol chin\u00eas, onde atuou pelo Guangzhou Evergrande, e teve uma passagem pelo Palmeiras em 2019. No entanto, uma les\u00e3o acabou atrapalhando seu desempenho no clube paulista, impactando sua sequ\u00eancia.<\/p>\n\n\n\n<p>Na sequ\u00eancia da carreira, ainda vestiu as camisas de Santos e Bahia, permanecendo at\u00e9 2023 antes de anunciar sua aposentadoria aos 31 anos. At\u00e9 mesmo sua passagem pela sele\u00e7\u00e3o brasileira ocorreu, em 2014, quando foi convocado por Dunga para amistosos.<\/p>\n\n\n\n<figure class=\"wp-block-image size-large\"><img loading=\"lazy\" decoding=\"async\" width=\"1024\" height=\"576\" src=\"https:\/\/acriticatrends.audiencelabs.com.br\/wp-content\/uploads\/2026\/04\/ricardo-goulart-em-partida-de-futebol-de-varzea-1200x675-1-1024x576.jpg\" alt=\"\" class=\"wp-image-9476\" srcset=\"https:\/\/acriticatrends.audiencelabs.com.br\/wp-content\/uploads\/2026\/04\/ricardo-goulart-em-partida-de-futebol-de-varzea-1200x675-1-1024x576.jpg 1024w, https:\/\/acriticatrends.audiencelabs.com.br\/wp-content\/uploads\/2026\/04\/ricardo-goulart-em-partida-de-futebol-de-varzea-1200x675-1-300x169.jpg 300w, https:\/\/acriticatrends.audiencelabs.com.br\/wp-content\/uploads\/2026\/04\/ricardo-goulart-em-partida-de-futebol-de-varzea-1200x675-1-768x432.jpg 768w, https:\/\/acriticatrends.audiencelabs.com.br\/wp-content\/uploads\/2026\/04\/ricardo-goulart-em-partida-de-futebol-de-varzea-1200x675-1-750x422.jpg 750w, https:\/\/acriticatrends.audiencelabs.com.br\/wp-content\/uploads\/2026\/04\/ricardo-goulart-em-partida-de-futebol-de-varzea-1200x675-1-1140x641.jpg 1140w, https:\/\/acriticatrends.audiencelabs.com.br\/wp-content\/uploads\/2026\/04\/ricardo-goulart-em-partida-de-futebol-de-varzea-1200x675-1.jpg 1244w\" sizes=\"auto, (max-width: 1024px) 100vw, 1024px\" \/><figcaption class=\"wp-element-caption\">Cr\u00e9ditos: Divulga\u00e7\u00e3o\/V\u00e1rzea Joseense<\/figcaption><\/figure>\n\n\n\n<h2 class=\"wp-block-heading\">Retorno inesperado movimenta cen\u00e1rio local<\/h2>\n\n\n\n<p>Agora, de volta ao futebol, Goulart reaparece em um contexto diferente, atuando no cen\u00e1rio amador de sua cidade natal. A escolha pelo Santana refor\u00e7a justamente o v\u00ednculo com suas origens e o desejo de seguir jogando.<\/p>\n\n\n\n<p>Mesmo longe dos grandes palcos, o retorno chama aten\u00e7\u00e3o e mostra que o jogador ainda busca espa\u00e7o dentro das quatro linhas. At\u00e9 mesmo em um n\u00edvel mais modesto, sua presen\u00e7a tende a movimentar o ambiente esportivo local.<\/p>\n","protected":false},"excerpt":{"rendered":"<p>Atualmente aos 34 anos, Ricardo Goulart surpreendeu ao voltar aos gramados ap\u00f3s aposentadoria e acertar com um clube paulista, justamente em um cen\u00e1rio inesperado no futebol. A decis\u00e3o chamou aten\u00e7\u00e3o porque marca uma retomada pouco comum na carreira de atletas que j\u00e1 haviam pendurado as chuteiras. O atacante, que iniciou sua trajet\u00f3ria no futebol amador [&hellip;]<\/p>\n","protected":false},"author":4,"featured_media":9477,"comment_status":"open","ping_status":"closed","sticky":false,"template":"","format":"standard","meta":{"jnews-multi-image_gallery":[],"jnews_single_post":{"format":"standard"},"jnews_primary_category":[],"jnews_social_meta":[],"jnews_post_split":[],"footnotes":""},"categories":[55],"tags":[],"class_list":["post-9475","post","type-post","status-publish","format-standard","has-post-thumbnail","hentry","category-trends"],"_links":{"self":[{"href":"https:\/\/acriticatrends.audiencelabs.com.br\/wp-json\/wp\/v2\/posts\/9475","targetHints":{"allow":["GET"]}}],"collection":[{"href":"https:\/\/acriticatrends.audiencelabs.com.br\/wp-json\/wp\/v2\/posts"}],"about":[{"href":"https:\/\/acriticatrends.audiencelabs.com.br\/wp-json\/wp\/v2\/types\/post"}],"author":[{"embeddable":true,"href":"https:\/\/acriticatrends.audiencelabs.com.br\/wp-json\/wp\/v2\/users\/4"}],"replies":[{"embeddable":true,"href":"https:\/\/acriticatrends.audiencelabs.com.br\/wp-json\/wp\/v2\/comments?post=9475"}],"version-history":[{"count":2,"href":"https:\/\/acriticatrends.audiencelabs.com.br\/wp-json\/wp\/v2\/posts\/9475\/revisions"}],"predecessor-version":[{"id":9479,"href":"https:\/\/acriticatrends.audiencelabs.com.br\/wp-json\/wp\/v2\/posts\/9475\/revisions\/9479"}],"wp:featuredmedia":[{"embeddable":true,"href":"https:\/\/acriticatrends.audiencelabs.com.br\/wp-json\/wp\/v2\/media\/9477"}],"wp:attachment":[{"href":"https:\/\/acriticatrends.audiencelabs.com.br\/wp-json\/wp\/v2\/media?parent=9475"}],"wp:term":[{"taxonomy":"category","embeddable":true,"href":"https:\/\/acriticatrends.audiencelabs.com.br\/wp-json\/wp\/v2\/categories?post=9475"},{"taxonomy":"post_tag","embeddable":true,"href":"https:\/\/acriticatrends.audiencelabs.com.br\/wp-json\/wp\/v2\/tags?post=9475"}],"curies":[{"name":"wp","href":"https:\/\/api.w.org\/{rel}","templated":true}]}}