{"id":9490,"date":"2026-04-29T18:15:00","date_gmt":"2026-04-29T21:15:00","guid":{"rendered":"https:\/\/acriticatrends.audiencelabs.com.br\/?p=9490"},"modified":"2026-04-29T13:20:23","modified_gmt":"2026-04-29T16:20:23","slug":"cruzeiro-aceita-pagar-r-35-milhoes-para-contratar-goleiro-cotado-na-selecao-brasileira","status":"publish","type":"post","link":"https:\/\/acriticatrends.audiencelabs.com.br\/cruzeiro-aceita-pagar-r-35-milhoes-para-contratar-goleiro-cotado-na-selecao-brasileira\/","title":{"rendered":"Cruzeiro aceita pagar R$ 35 milh\u00f5es para contratar goleiro cotado na Sele\u00e7\u00e3o Brasileira"},"content":{"rendered":"\n<p>O Cruzeiro deu um passo importante no mercado ao sinalizar que est\u00e1 disposto a investir cerca de R<strong>$ 35 milh\u00f5es<\/strong> na contrata\u00e7\u00e3o de um goleiro que aparece no radar da Sele\u00e7\u00e3o Brasileira. No entanto, o valor ainda n\u00e3o foi suficiente para convencer o clube detentor dos direitos do atleta.<\/p>\n\n\n\n<p>O nome em quest\u00e3o \u00e9 <strong>John<\/strong>, ex-Botafogo e que atualmente pertence ao Nottingham Forest e virou alvo direto da diretoria mineira. A equipe celeste indicou uma oferta de 6 milh\u00f5es de euros, enquanto os ingleses pedem 10 milh\u00f5es para liberar o jogador.<\/p>\n\n\n\n<p>Apesar da movimenta\u00e7\u00e3o, o Cruzeiro ainda n\u00e3o formalizou a proposta, justamente porque busca entender melhor as exig\u00eancias do clube comandado por Evangelos Marinakis. Os contatos iniciais serviram apenas para sondagem e avalia\u00e7\u00e3o do cen\u00e1rio.<\/p>\n\n\n\n<p>O interesse pelo goleiro n\u00e3o \u00e9 por acaso, j\u00e1 que ele \u00e9 um pedido direto do t\u00e9cnico Artur Jorge. Ambos trabalharam juntos no Botafogo, onde conquistaram t\u00edtulos importantes como a Libertadores e o Campeonato Brasileiro de 2024.<\/p>\n\n\n\n<p>Mesmo ap\u00f3s uma passagem recente pela Inglaterra, John tenta retomar espa\u00e7o ap\u00f3s uma les\u00e3o significativa. At\u00e9 mesmo com poucos jogos na atual temporada, ele vinha apresentando bom desempenho antes do problema f\u00edsico.<\/p>\n\n\n\n<p>O cen\u00e1rio na Sele\u00e7\u00e3o tamb\u00e9m influencia, j\u00e1 que o goleiro esteve presente nas primeiras convoca\u00e7\u00f5es de Carlo Ancelotti. No entanto, perdeu espa\u00e7o temporariamente, mas segue sendo monitorado de perto.<\/p>\n\n\n\n<figure class=\"wp-block-image size-large\"><img loading=\"lazy\" decoding=\"async\" width=\"1024\" height=\"640\" src=\"https:\/\/acriticatrends.audiencelabs.com.br\/wp-content\/uploads\/2026\/04\/54915190754_2680f952a4_o-scaled-aspect-ratio-512-320-1-1024x640.jpg\" alt=\"\" class=\"wp-image-9498\" srcset=\"https:\/\/acriticatrends.audiencelabs.com.br\/wp-content\/uploads\/2026\/04\/54915190754_2680f952a4_o-scaled-aspect-ratio-512-320-1-1024x640.jpg 1024w, https:\/\/acriticatrends.audiencelabs.com.br\/wp-content\/uploads\/2026\/04\/54915190754_2680f952a4_o-scaled-aspect-ratio-512-320-1-300x188.jpg 300w, https:\/\/acriticatrends.audiencelabs.com.br\/wp-content\/uploads\/2026\/04\/54915190754_2680f952a4_o-scaled-aspect-ratio-512-320-1-768x480.jpg 768w, https:\/\/acriticatrends.audiencelabs.com.br\/wp-content\/uploads\/2026\/04\/54915190754_2680f952a4_o-scaled-aspect-ratio-512-320-1-750x469.jpg 750w, https:\/\/acriticatrends.audiencelabs.com.br\/wp-content\/uploads\/2026\/04\/54915190754_2680f952a4_o-scaled-aspect-ratio-512-320-1-1140x713.jpg 1140w, https:\/\/acriticatrends.audiencelabs.com.br\/wp-content\/uploads\/2026\/04\/54915190754_2680f952a4_o-scaled-aspect-ratio-512-320-1.jpg 1200w\" sizes=\"auto, (max-width: 1024px) 100vw, 1024px\" \/><figcaption class=\"wp-element-caption\">Cr\u00e9ditos: Rafael Ribeiro\/CBF<\/figcaption><\/figure>\n\n\n\n<h2 class=\"wp-block-heading\">Disputa por vaga na Sele\u00e7\u00e3o aumenta press\u00e3o<\/h2>\n\n\n\n<p>Atualmente, nomes como Bento, Ederson e Alisson ocupam posi\u00e7\u00e3o consolidada, enquanto John e Hugo Souza aparecem como alternativas. A situa\u00e7\u00e3o f\u00edsica de Alisson, inclusive, abre margem para mudan\u00e7as.<\/p>\n\n\n\n<p>Internamente, o ex-goleiro Taffarel acompanha de perto a recupera\u00e7\u00e3o do atleta, mantendo contato constante. A defini\u00e7\u00e3o final da lista para a Copa do Mundo ser\u00e1 divulgada no dia 18 de maio, o que pode impactar diretamente o futuro do jogador.<\/p>\n","protected":false},"excerpt":{"rendered":"<p>O Cruzeiro deu um passo importante no mercado ao sinalizar que est\u00e1 disposto a investir cerca de R$ 35 milh\u00f5es na contrata\u00e7\u00e3o de um goleiro que aparece no radar da Sele\u00e7\u00e3o Brasileira. No entanto, o valor ainda n\u00e3o foi suficiente para convencer o clube detentor dos direitos do atleta. O nome em quest\u00e3o \u00e9 John, [&hellip;]<\/p>\n","protected":false},"author":4,"featured_media":6858,"comment_status":"open","ping_status":"closed","sticky":false,"template":"","format":"standard","meta":{"jnews-multi-image_gallery":[],"jnews_single_post":{"format":"standard"},"jnews_primary_category":[],"jnews_social_meta":[],"jnews_post_split":[],"footnotes":""},"categories":[55],"tags":[],"class_list":["post-9490","post","type-post","status-publish","format-standard","has-post-thumbnail","hentry","category-trends"],"_links":{"self":[{"href":"https:\/\/acriticatrends.audiencelabs.com.br\/wp-json\/wp\/v2\/posts\/9490","targetHints":{"allow":["GET"]}}],"collection":[{"href":"https:\/\/acriticatrends.audiencelabs.com.br\/wp-json\/wp\/v2\/posts"}],"about":[{"href":"https:\/\/acriticatrends.audiencelabs.com.br\/wp-json\/wp\/v2\/types\/post"}],"author":[{"embeddable":true,"href":"https:\/\/acriticatrends.audiencelabs.com.br\/wp-json\/wp\/v2\/users\/4"}],"replies":[{"embeddable":true,"href":"https:\/\/acriticatrends.audiencelabs.com.br\/wp-json\/wp\/v2\/comments?post=9490"}],"version-history":[{"count":1,"href":"https:\/\/acriticatrends.audiencelabs.com.br\/wp-json\/wp\/v2\/posts\/9490\/revisions"}],"predecessor-version":[{"id":9501,"href":"https:\/\/acriticatrends.audiencelabs.com.br\/wp-json\/wp\/v2\/posts\/9490\/revisions\/9501"}],"wp:featuredmedia":[{"embeddable":true,"href":"https:\/\/acriticatrends.audiencelabs.com.br\/wp-json\/wp\/v2\/media\/6858"}],"wp:attachment":[{"href":"https:\/\/acriticatrends.audiencelabs.com.br\/wp-json\/wp\/v2\/media?parent=9490"}],"wp:term":[{"taxonomy":"category","embeddable":true,"href":"https:\/\/acriticatrends.audiencelabs.com.br\/wp-json\/wp\/v2\/categories?post=9490"},{"taxonomy":"post_tag","embeddable":true,"href":"https:\/\/acriticatrends.audiencelabs.com.br\/wp-json\/wp\/v2\/tags?post=9490"}],"curies":[{"name":"wp","href":"https:\/\/api.w.org\/{rel}","templated":true}]}}