{"id":9514,"date":"2026-04-29T17:15:00","date_gmt":"2026-04-29T20:15:00","guid":{"rendered":"https:\/\/acriticatrends.audiencelabs.com.br\/?p=9514"},"modified":"2026-04-29T14:28:40","modified_gmt":"2026-04-29T17:28:40","slug":"quem-for-flagrado-cometendo-vandalismo-vai-receber-multa-de-r-98-mil-apos-nova-lei-ser-aprovada","status":"publish","type":"post","link":"https:\/\/acriticatrends.audiencelabs.com.br\/quem-for-flagrado-cometendo-vandalismo-vai-receber-multa-de-r-98-mil-apos-nova-lei-ser-aprovada\/","title":{"rendered":"Quem for flagrado cometendo vandalismo vai receber multa de R$ 9,8 mil ap\u00f3s nova lei ser aprovada"},"content":{"rendered":"\n<p>Qualquer pessoa que for flagrada cometendo vandalismo pode passar a enfrentar uma multa de at\u00e9 R$ 9,8 mil ap\u00f3s a aprova\u00e7\u00e3o de uma nova lei. A medida avan\u00e7ou no Legislativo e chama aten\u00e7\u00e3o pelo valor elevado das penalidades.<\/p>\n\n\n\n<p>A proposta foi aprovada em primeiro turno pela <strong>C\u00e2mara de Vereadores de Palmas<\/strong> recentemente e trata de puni\u00e7\u00f5es para danos ao patrim\u00f4nio p\u00fablico. O texto \u00e9 de autoria da prefeitura e busca conter a\u00e7\u00f5es recorrentes de depreda\u00e7\u00e3o na cidade.<\/p>\n\n\n\n<p>Entre os exemplos listados est\u00e3o danos a bancos de pra\u00e7as, lixeiras, brinquedos e at\u00e9 mesmo sanit\u00e1rios p\u00fablicos. Tamb\u00e9m entram na lista placas de sinaliza\u00e7\u00e3o, pontos de \u00f4nibus, lumin\u00e1rias e \u00e1reas ajardinadas, al\u00e9m da quebra de vidros e grades.<\/p>\n\n\n\n<p>O projeto estabelece multa de 50 Unidades Fiscais Municipais, o que corresponde a R$ 9,8 mil por infra\u00e7\u00e3o cometida. No entanto, existe a possibilidade de substitui\u00e7\u00e3o da penalidade caso o respons\u00e1vel repare o dano em at\u00e9 cinco dias e n\u00e3o seja reincidente.<\/p>\n\n\n\n<p>J\u00e1 nos casos de repeti\u00e7\u00e3o da infra\u00e7\u00e3o, o valor da multa aumenta de forma significativa. A primeira reincid\u00eancia dobra a penalidade, enquanto a partir da segunda o valor pode ser at\u00e9 quadruplicado, ampliando o impacto financeiro.<\/p>\n\n\n\n<p>Quando o infrator for menor de idade, a responsabilidade pelas san\u00e7\u00f5es recai sobre os respons\u00e1veis legais. Al\u00e9m disso, os valores arrecadados com as multas ser\u00e3o destinados a projetos voltados \u00e0 seguran\u00e7a p\u00fablica do munic\u00edpio.<\/p>\n\n\n\n<p>A fiscaliza\u00e7\u00e3o ficar\u00e1 sob responsabilidade das secretarias municipais de Infraestrutura, Urbanismo e Tr\u00e2nsito e de Administra\u00e7\u00e3o. O munic\u00edpio poder\u00e1, inclusive, firmar conv\u00eanios com a Pol\u00edcia Militar do Paran\u00e1 para auxiliar na identifica\u00e7\u00e3o dos envolvidos.<\/p>\n\n\n\n<figure class=\"wp-block-image size-large\"><img loading=\"lazy\" decoding=\"async\" width=\"1024\" height=\"683\" src=\"https:\/\/acriticatrends.audiencelabs.com.br\/wp-content\/uploads\/2026\/04\/20230628182455375812u-1-1024x683.jpg\" alt=\"\" class=\"wp-image-9515\" srcset=\"https:\/\/acriticatrends.audiencelabs.com.br\/wp-content\/uploads\/2026\/04\/20230628182455375812u-1-1024x683.jpg 1024w, https:\/\/acriticatrends.audiencelabs.com.br\/wp-content\/uploads\/2026\/04\/20230628182455375812u-1-300x200.jpg 300w, https:\/\/acriticatrends.audiencelabs.com.br\/wp-content\/uploads\/2026\/04\/20230628182455375812u-1-768x512.jpg 768w, https:\/\/acriticatrends.audiencelabs.com.br\/wp-content\/uploads\/2026\/04\/20230628182455375812u-1-750x500.jpg 750w, https:\/\/acriticatrends.audiencelabs.com.br\/wp-content\/uploads\/2026\/04\/20230628182455375812u-1-1140x760.jpg 1140w, https:\/\/acriticatrends.audiencelabs.com.br\/wp-content\/uploads\/2026\/04\/20230628182455375812u-1.jpg 1200w\" sizes=\"auto, (max-width: 1024px) 100vw, 1024px\" \/><figcaption class=\"wp-element-caption\">Cr\u00e9ditos: Marcelo Camargo\/Ag\u00eancia Brasil<\/figcaption><\/figure>\n\n\n\n<h2 class=\"wp-block-heading\">Etapas finais e mudan\u00e7as no projeto<\/h2>\n\n\n\n<p>Durante a an\u00e1lise, um ponto do projeto acabou sendo retirado ap\u00f3s parecer da procuradoria da C\u00e2mara. A medida previa impedir infratores de participar de concursos p\u00fablicos por cinco anos, o que foi considerado inconstitucional.<\/p>\n\n\n\n<p>O vereador Paulo Bannake se posicionou contra a retirada desse trecho, no entanto, a maioria foi favor\u00e1vel \u00e0 exclus\u00e3o. O projeto ainda deve passar por nova vota\u00e7\u00e3o antes de seguir para san\u00e7\u00e3o do prefeito.<\/p>\n","protected":false},"excerpt":{"rendered":"<p>Qualquer pessoa que for flagrada cometendo vandalismo pode passar a enfrentar uma multa de at\u00e9 R$ 9,8 mil ap\u00f3s a aprova\u00e7\u00e3o de uma nova lei. A medida avan\u00e7ou no Legislativo e chama aten\u00e7\u00e3o pelo valor elevado das penalidades. A proposta foi aprovada em primeiro turno pela C\u00e2mara de Vereadores de Palmas recentemente e trata de [&hellip;]<\/p>\n","protected":false},"author":4,"featured_media":9516,"comment_status":"open","ping_status":"closed","sticky":false,"template":"","format":"standard","meta":{"jnews-multi-image_gallery":[],"jnews_single_post":{"format":"standard"},"jnews_primary_category":[],"jnews_social_meta":[],"jnews_post_split":[],"footnotes":""},"categories":[55],"tags":[],"class_list":["post-9514","post","type-post","status-publish","format-standard","has-post-thumbnail","hentry","category-trends"],"_links":{"self":[{"href":"https:\/\/acriticatrends.audiencelabs.com.br\/wp-json\/wp\/v2\/posts\/9514","targetHints":{"allow":["GET"]}}],"collection":[{"href":"https:\/\/acriticatrends.audiencelabs.com.br\/wp-json\/wp\/v2\/posts"}],"about":[{"href":"https:\/\/acriticatrends.audiencelabs.com.br\/wp-json\/wp\/v2\/types\/post"}],"author":[{"embeddable":true,"href":"https:\/\/acriticatrends.audiencelabs.com.br\/wp-json\/wp\/v2\/users\/4"}],"replies":[{"embeddable":true,"href":"https:\/\/acriticatrends.audiencelabs.com.br\/wp-json\/wp\/v2\/comments?post=9514"}],"version-history":[{"count":1,"href":"https:\/\/acriticatrends.audiencelabs.com.br\/wp-json\/wp\/v2\/posts\/9514\/revisions"}],"predecessor-version":[{"id":9517,"href":"https:\/\/acriticatrends.audiencelabs.com.br\/wp-json\/wp\/v2\/posts\/9514\/revisions\/9517"}],"wp:featuredmedia":[{"embeddable":true,"href":"https:\/\/acriticatrends.audiencelabs.com.br\/wp-json\/wp\/v2\/media\/9516"}],"wp:attachment":[{"href":"https:\/\/acriticatrends.audiencelabs.com.br\/wp-json\/wp\/v2\/media?parent=9514"}],"wp:term":[{"taxonomy":"category","embeddable":true,"href":"https:\/\/acriticatrends.audiencelabs.com.br\/wp-json\/wp\/v2\/categories?post=9514"},{"taxonomy":"post_tag","embeddable":true,"href":"https:\/\/acriticatrends.audiencelabs.com.br\/wp-json\/wp\/v2\/tags?post=9514"}],"curies":[{"name":"wp","href":"https:\/\/api.w.org\/{rel}","templated":true}]}}