{"id":9550,"date":"2026-04-30T08:32:00","date_gmt":"2026-04-30T11:32:00","guid":{"rendered":"https:\/\/acriticatrends.audiencelabs.com.br\/?p=9550"},"modified":"2026-04-30T06:57:00","modified_gmt":"2026-04-30T09:57:00","slug":"brasileiros-que-pretendem-votar-nas-eleicoes-2026-devem-cumprir-exigencia-ate-06-05","status":"publish","type":"post","link":"https:\/\/acriticatrends.audiencelabs.com.br\/brasileiros-que-pretendem-votar-nas-eleicoes-2026-devem-cumprir-exigencia-ate-06-05\/","title":{"rendered":"Brasileiros que pretendem votar nas Elei\u00e7\u00f5es 2026 devem cumprir exig\u00eancia at\u00e9 06\/05"},"content":{"rendered":"\n<p>As Elei\u00e7\u00f5es 2026 est\u00e3o cada vez mais pr\u00f3ximas e, com isso, os brasileiros que pretendem votar precisam correr contra o tempo para cumprir exig\u00eancia. Isso porque o prazo para o fechamento do cadastro eleitoral se encerra na pr\u00f3xima quarta-feira, dia 6 de maio.<\/p>\n\n\n\n<p>At\u00e9 l\u00e1, as pessoas podem tirar o primeiro t\u00edtulo de eleitor, transferir o domic\u00edlio eleitoral, atualizar dados cadastrais ou regularizar pend\u00eancias na Justi\u00e7a Eleitoral. Passada essa data limite, n\u00e3o haver\u00e1 segunda chance para realizar esses procedimentos, conforme destaca o Tribunal Superior Eleitoral (TSE).<\/p>\n\n\n\n<p>A partir do dia 7 de maio, o cadastro estar\u00e1 oficialmente fechado, segundo prev\u00ea a Lei das Elei\u00e7\u00f5es (Lei n\u00ba 9.504\/1997), que determina o encerramento a exatos 150 dias antes do pleito, cujo 1\u00ba est\u00e1 marcado para acontecer no dia 4 de outubro. Portanto, quem n\u00e3o regularizar a situa\u00e7\u00e3o, n\u00e3o poder\u00e1 votar este ano.<\/p>\n\n\n<div class=\"wp-block-image\">\n<figure class=\"aligncenter size-large\"><img loading=\"lazy\" decoding=\"async\" width=\"1024\" height=\"682\" src=\"https:\/\/acriticatrends.audiencelabs.com.br\/wp-content\/uploads\/2026\/04\/eleicao_sp_18-1-1024x682.jpg\" alt=\"\" class=\"wp-image-9552\" srcset=\"https:\/\/acriticatrends.audiencelabs.com.br\/wp-content\/uploads\/2026\/04\/eleicao_sp_18-1-1024x682.jpg 1024w, https:\/\/acriticatrends.audiencelabs.com.br\/wp-content\/uploads\/2026\/04\/eleicao_sp_18-1-300x200.jpg 300w, https:\/\/acriticatrends.audiencelabs.com.br\/wp-content\/uploads\/2026\/04\/eleicao_sp_18-1-768x512.jpg 768w, https:\/\/acriticatrends.audiencelabs.com.br\/wp-content\/uploads\/2026\/04\/eleicao_sp_18-1-1536x1024.jpg 1536w, https:\/\/acriticatrends.audiencelabs.com.br\/wp-content\/uploads\/2026\/04\/eleicao_sp_18-1-750x500.jpg 750w, https:\/\/acriticatrends.audiencelabs.com.br\/wp-content\/uploads\/2026\/04\/eleicao_sp_18-1-1140x760.jpg 1140w, https:\/\/acriticatrends.audiencelabs.com.br\/wp-content\/uploads\/2026\/04\/eleicao_sp_18-1.jpg 2000w\" sizes=\"auto, (max-width: 1024px) 100vw, 1024px\" \/><figcaption class=\"wp-element-caption\">Cr\u00e9ditos: Paulo Pinto\/Ag\u00eancia Brasil<\/figcaption><\/figure>\n<\/div>\n\n\n<p>Tanto o alistamento quanto o voto s\u00e3o obrigat\u00f3rios a partir dos 18 anos de idade e facultativo para quem tem 16 e 17 anos, pessoas analfabetas e maiores de 70 anos. J\u00e1 estrangeiros e cidad\u00e3os em servi\u00e7o militar obrigat\u00f3rio n\u00e3o podem se inscrever.<\/p>\n\n\n\n<p>Manter as obriga\u00e7\u00f5es em dia com a Justi\u00e7a Eleitoral \u00e9 importante n\u00e3o apenas pensando no direito ao voto. Uma s\u00e9rie de restri\u00e7\u00f5es legais podem ser geradas, como ficar impedido de assumir cargo p\u00fablico, por t\u00edtulos cancelados ou em situa\u00e7\u00e3o irregular.<\/p>\n\n\n\n<h2 class=\"wp-block-heading\">Data final para adolescentes tirarem o t\u00edtulo de eleitor<\/h2>\n\n\n\n<p>Os jovens que pretendem votar pela primeira vez este ano precisam ficar atentos a data limite. De acordo com a legisla\u00e7\u00e3o, o alistamento eleitoral \u00e9 permitido a partir dos 15 anos de idade. No entanto, mesmo com o t\u00edtulo de eleitor em m\u00e3os, o adolescente s\u00f3 pode votar se completar 16 anos at\u00e9 a data do pleito, ou seja, o dia 4 de outubro.<\/p>\n","protected":false},"excerpt":{"rendered":"<p>As Elei\u00e7\u00f5es 2026 est\u00e3o cada vez mais pr\u00f3ximas e, com isso, os brasileiros que pretendem votar precisam correr contra o tempo para cumprir exig\u00eancia. Isso porque o prazo para o fechamento do cadastro eleitoral se encerra na pr\u00f3xima quarta-feira, dia 6 de maio. At\u00e9 l\u00e1, as pessoas podem tirar o primeiro t\u00edtulo de eleitor, transferir [&hellip;]<\/p>\n","protected":false},"author":13,"featured_media":9551,"comment_status":"open","ping_status":"closed","sticky":false,"template":"","format":"standard","meta":{"jnews-multi-image_gallery":[],"jnews_single_post":{"format":"standard"},"jnews_primary_category":[],"jnews_social_meta":[],"jnews_post_split":[],"footnotes":""},"categories":[55],"tags":[],"class_list":["post-9550","post","type-post","status-publish","format-standard","has-post-thumbnail","hentry","category-trends"],"_links":{"self":[{"href":"https:\/\/acriticatrends.audiencelabs.com.br\/wp-json\/wp\/v2\/posts\/9550","targetHints":{"allow":["GET"]}}],"collection":[{"href":"https:\/\/acriticatrends.audiencelabs.com.br\/wp-json\/wp\/v2\/posts"}],"about":[{"href":"https:\/\/acriticatrends.audiencelabs.com.br\/wp-json\/wp\/v2\/types\/post"}],"author":[{"embeddable":true,"href":"https:\/\/acriticatrends.audiencelabs.com.br\/wp-json\/wp\/v2\/users\/13"}],"replies":[{"embeddable":true,"href":"https:\/\/acriticatrends.audiencelabs.com.br\/wp-json\/wp\/v2\/comments?post=9550"}],"version-history":[{"count":2,"href":"https:\/\/acriticatrends.audiencelabs.com.br\/wp-json\/wp\/v2\/posts\/9550\/revisions"}],"predecessor-version":[{"id":9554,"href":"https:\/\/acriticatrends.audiencelabs.com.br\/wp-json\/wp\/v2\/posts\/9550\/revisions\/9554"}],"wp:featuredmedia":[{"embeddable":true,"href":"https:\/\/acriticatrends.audiencelabs.com.br\/wp-json\/wp\/v2\/media\/9551"}],"wp:attachment":[{"href":"https:\/\/acriticatrends.audiencelabs.com.br\/wp-json\/wp\/v2\/media?parent=9550"}],"wp:term":[{"taxonomy":"category","embeddable":true,"href":"https:\/\/acriticatrends.audiencelabs.com.br\/wp-json\/wp\/v2\/categories?post=9550"},{"taxonomy":"post_tag","embeddable":true,"href":"https:\/\/acriticatrends.audiencelabs.com.br\/wp-json\/wp\/v2\/tags?post=9550"}],"curies":[{"name":"wp","href":"https:\/\/api.w.org\/{rel}","templated":true}]}}