{"id":9555,"date":"2026-04-30T09:06:00","date_gmt":"2026-04-30T12:06:00","guid":{"rendered":"https:\/\/acriticatrends.audiencelabs.com.br\/?p=9555"},"modified":"2026-04-30T08:40:40","modified_gmt":"2026-04-30T11:40:40","slug":"lula-age-nos-bastidores-e-dilma-rousseff-retorna-ao-palacio-da-alvorada-para-trabalhar","status":"publish","type":"post","link":"https:\/\/acriticatrends.audiencelabs.com.br\/lula-age-nos-bastidores-e-dilma-rousseff-retorna-ao-palacio-da-alvorada-para-trabalhar\/","title":{"rendered":"Lula age nos bastidores e Dilma Rousseff retorna ao Pal\u00e1cio da Alvorada para trabalhar"},"content":{"rendered":"\n<p>A convite do presidente Luiz In\u00e1cio Lula da Silva (PT), a ex-presidente Dilma Rousseff (PT) retornou ao Pal\u00e1cio da Alvorada. O atual mandat\u00e1rio do Brasil recebeu a atual presidente do Novo Banco de Desenvolvimento, tamb\u00e9m chamado de Banco do Brics, para um jantar.<\/p>\n\n\n\n<p>O encontro entre os dois n\u00e3o constou na agenda da Presid\u00eancia da Rep\u00fablica. De acordo com a Segundo a Secretaria de Comunica\u00e7\u00e3o Social do Governo Federal (Secom), foi uma confraterniza\u00e7\u00e3o privada e n\u00e3o oficial. Tanto \u00e9 que n\u00e3o foram compartilhados registros nas redes sociais por nenhuma das partes.<\/p>\n\n\n\n<p>Atualmente, Dilma mora na China e preside o Banco do Brics, cargo para o qual foi reeleita em 2025 para mais cinco anos de mandato. Imagina-se, portanto, que os presidentes podem ter tratado de futuras parcerias &#8211; a institui\u00e7\u00e3o financeira foi criada em 2015, com a finalidade de financiar projetos de infraestrutura e desenvolvimento sustent\u00e1vel do bloco.<\/p>\n\n\n<div class=\"wp-block-image\">\n<figure class=\"aligncenter size-large\"><img loading=\"lazy\" decoding=\"async\" width=\"1024\" height=\"437\" src=\"https:\/\/acriticatrends.audiencelabs.com.br\/wp-content\/uploads\/2026\/04\/54906011030_0451ce7dbd_o-1-1024x437.jpg\" alt=\"\" class=\"wp-image-9556\" srcset=\"https:\/\/acriticatrends.audiencelabs.com.br\/wp-content\/uploads\/2026\/04\/54906011030_0451ce7dbd_o-1-1024x437.jpg 1024w, https:\/\/acriticatrends.audiencelabs.com.br\/wp-content\/uploads\/2026\/04\/54906011030_0451ce7dbd_o-1-300x128.jpg 300w, https:\/\/acriticatrends.audiencelabs.com.br\/wp-content\/uploads\/2026\/04\/54906011030_0451ce7dbd_o-1-768x327.jpg 768w, https:\/\/acriticatrends.audiencelabs.com.br\/wp-content\/uploads\/2026\/04\/54906011030_0451ce7dbd_o-1-1536x655.jpg 1536w, https:\/\/acriticatrends.audiencelabs.com.br\/wp-content\/uploads\/2026\/04\/54906011030_0451ce7dbd_o-1-2048x873.jpg 2048w, https:\/\/acriticatrends.audiencelabs.com.br\/wp-content\/uploads\/2026\/04\/54906011030_0451ce7dbd_o-1-750x320.jpg 750w, https:\/\/acriticatrends.audiencelabs.com.br\/wp-content\/uploads\/2026\/04\/54906011030_0451ce7dbd_o-1-1140x486.jpg 1140w\" sizes=\"auto, (max-width: 1024px) 100vw, 1024px\" \/><figcaption class=\"wp-element-caption\">Cr\u00e9ditos: Ricardo Stuckert<\/figcaption><\/figure>\n<\/div>\n\n\n<p>Antes de se encontrar com Lula, a ex-presidente brasileira se reuniu com Alexandre Silveira, ministro de Minas e Energia. Segundo informou a pasta, os dois falaram sobre temas ligados \u00e0 amplia\u00e7\u00e3o de investimentos em infraestrutura energ\u00e9tica e ao fortalecimento de parcerias no \u00e2mbito do bloco para projetos de sustentabilidade.<\/p>\n\n\n\n<h2 class=\"wp-block-heading\">Dilma Rousseff pode conceder empr\u00e9stimo ao Brasil<\/h2>\n\n\n\n<p>Recentemente, o presidente Lula encaminhou ao Senado Federal o pedido de autoriza\u00e7\u00e3o para contratar a opera\u00e7\u00e3o de cr\u00e9dito junto ao Novo Banco de Desenvolvimento. O governo pretende pegar R$ 20 bilh\u00f5es para o custeio&nbsp; parcial de um projeto do Minist\u00e9rio da Integra\u00e7\u00e3o e do Desenvolvimento Regional, com previs\u00e3o de aporte nos Fundos de Desenvolvimento da Amaz\u00f4nia (FDA), do Centro-Oeste (FDCO) e do Nordeste (FDNE).<\/p>\n\n\n\n<p>Desde o in\u00edcio do atual mandato de Lula, o Brasil pegou aproximadamente R$ 20 bilh\u00f5es em financiamentos com a institui\u00e7\u00e3o presidida pela ex-presidente Dilma. O aporte foi usado para financiar pol\u00edticas p\u00fablicas, auxiliar na recupera\u00e7\u00e3o da economia, abastecer projetos sustent\u00e1veis e reconstruir o Rio Grande do Sul ap\u00f3s as enchentes.<\/p>\n","protected":false},"excerpt":{"rendered":"<p>A convite do presidente Luiz In\u00e1cio Lula da Silva (PT), a ex-presidente Dilma Rousseff (PT) retornou ao Pal\u00e1cio da Alvorada. O atual mandat\u00e1rio do Brasil recebeu a atual presidente do Novo Banco de Desenvolvimento, tamb\u00e9m chamado de Banco do Brics, para um jantar. O encontro entre os dois n\u00e3o constou na agenda da Presid\u00eancia da [&hellip;]<\/p>\n","protected":false},"author":13,"featured_media":7358,"comment_status":"open","ping_status":"closed","sticky":false,"template":"","format":"standard","meta":{"jnews-multi-image_gallery":[],"jnews_single_post":{"format":"standard"},"jnews_primary_category":[],"jnews_social_meta":[],"jnews_post_split":[],"footnotes":""},"categories":[55],"tags":[],"class_list":["post-9555","post","type-post","status-publish","format-standard","has-post-thumbnail","hentry","category-trends"],"_links":{"self":[{"href":"https:\/\/acriticatrends.audiencelabs.com.br\/wp-json\/wp\/v2\/posts\/9555","targetHints":{"allow":["GET"]}}],"collection":[{"href":"https:\/\/acriticatrends.audiencelabs.com.br\/wp-json\/wp\/v2\/posts"}],"about":[{"href":"https:\/\/acriticatrends.audiencelabs.com.br\/wp-json\/wp\/v2\/types\/post"}],"author":[{"embeddable":true,"href":"https:\/\/acriticatrends.audiencelabs.com.br\/wp-json\/wp\/v2\/users\/13"}],"replies":[{"embeddable":true,"href":"https:\/\/acriticatrends.audiencelabs.com.br\/wp-json\/wp\/v2\/comments?post=9555"}],"version-history":[{"count":1,"href":"https:\/\/acriticatrends.audiencelabs.com.br\/wp-json\/wp\/v2\/posts\/9555\/revisions"}],"predecessor-version":[{"id":9557,"href":"https:\/\/acriticatrends.audiencelabs.com.br\/wp-json\/wp\/v2\/posts\/9555\/revisions\/9557"}],"wp:featuredmedia":[{"embeddable":true,"href":"https:\/\/acriticatrends.audiencelabs.com.br\/wp-json\/wp\/v2\/media\/7358"}],"wp:attachment":[{"href":"https:\/\/acriticatrends.audiencelabs.com.br\/wp-json\/wp\/v2\/media?parent=9555"}],"wp:term":[{"taxonomy":"category","embeddable":true,"href":"https:\/\/acriticatrends.audiencelabs.com.br\/wp-json\/wp\/v2\/categories?post=9555"},{"taxonomy":"post_tag","embeddable":true,"href":"https:\/\/acriticatrends.audiencelabs.com.br\/wp-json\/wp\/v2\/tags?post=9555"}],"curies":[{"name":"wp","href":"https:\/\/api.w.org\/{rel}","templated":true}]}}