{"id":9558,"date":"2026-04-30T09:42:00","date_gmt":"2026-04-30T12:42:00","guid":{"rendered":"https:\/\/acriticatrends.audiencelabs.com.br\/?p=9558"},"modified":"2026-04-30T09:02:55","modified_gmt":"2026-04-30T12:02:55","slug":"adeus-murilo-palmeiras-nao-para-em-barboza-e-decide-contratar-outro-zagueiro-de-r-875-milhoes","status":"publish","type":"post","link":"https:\/\/acriticatrends.audiencelabs.com.br\/adeus-murilo-palmeiras-nao-para-em-barboza-e-decide-contratar-outro-zagueiro-de-r-875-milhoes\/","title":{"rendered":"Adeus, Murilo? Palmeiras n\u00e3o para em Barboza e decide contratar outro zagueiro de R$ 87,5 milh\u00f5es"},"content":{"rendered":"\n<p>Os dias de Murilo no Palmeiras podem estar contados. Isso porque o Verd\u00e3o, depois de acertar com Barboza, do Botafogo, mira a contrata\u00e7\u00e3o de mais um zagueiro, mais caro que o argentino, para fortalecer ainda mais o setor defensivo do elenco. Movimenta\u00e7\u00f5es essas que podem indicar uma sa\u00edda do camisa 26.<\/p>\n\n\n\n<p>Segundo informa\u00e7\u00e3o da ESPN, a diretoria alviverde sinalizou ao Zenit, da R\u00fassia, o desejo de avan\u00e7ar nas negocia\u00e7\u00f5es por Nino. O Palestra pretende oferecer 15 milh\u00f5es de euros (R$ 87,5 milh\u00f5es, na cota\u00e7\u00e3o atual) fixos para contar com o ex-Fluminense no meio do ano.<\/p>\n\n\n\n<p>Acontece, por\u00e9m, que os russos fazem jogo duro e desejam 20 milh\u00f5es de euros (R$ 117 milh\u00f5es) para fechar neg\u00f3cio e concretizar a transfer\u00eancia. Mas existe a possibilidade de essa pedida baixar a depender dos resultados da reta final da temporada e tamb\u00e9m do desejo do jogador de voltar ao Brasil.<\/p>\n\n\n<div class=\"wp-block-image\">\n<figure class=\"aligncenter size-large\"><img loading=\"lazy\" decoding=\"async\" width=\"1024\" height=\"683\" src=\"https:\/\/acriticatrends.audiencelabs.com.br\/wp-content\/uploads\/2026\/04\/SaveClip.App_586870934_18545277646042179_4380870658529487659_n-1-1024x683.jpg\" alt=\"\" class=\"wp-image-9564\" srcset=\"https:\/\/acriticatrends.audiencelabs.com.br\/wp-content\/uploads\/2026\/04\/SaveClip.App_586870934_18545277646042179_4380870658529487659_n-1-1024x683.jpg 1024w, https:\/\/acriticatrends.audiencelabs.com.br\/wp-content\/uploads\/2026\/04\/SaveClip.App_586870934_18545277646042179_4380870658529487659_n-1-300x200.jpg 300w, https:\/\/acriticatrends.audiencelabs.com.br\/wp-content\/uploads\/2026\/04\/SaveClip.App_586870934_18545277646042179_4380870658529487659_n-1-768x512.jpg 768w, https:\/\/acriticatrends.audiencelabs.com.br\/wp-content\/uploads\/2026\/04\/SaveClip.App_586870934_18545277646042179_4380870658529487659_n-1-750x500.jpg 750w, https:\/\/acriticatrends.audiencelabs.com.br\/wp-content\/uploads\/2026\/04\/SaveClip.App_586870934_18545277646042179_4380870658529487659_n-1-1140x760.jpg 1140w, https:\/\/acriticatrends.audiencelabs.com.br\/wp-content\/uploads\/2026\/04\/SaveClip.App_586870934_18545277646042179_4380870658529487659_n-1.jpg 1200w\" sizes=\"auto, (max-width: 1024px) 100vw, 1024px\" \/><figcaption class=\"wp-element-caption\">Cr\u00e9ditos: Instagram\/Nino<\/figcaption><\/figure>\n<\/div>\n\n\n<p>Seria, portanto, mais um zagueiro a desembarcar no Allianz Parque em julho. Conforme destacado anteriormente, tudo caminha para que Alexander Barboza vista o manto palestrino na sequ\u00eancia temporada. Restam apenas detalhes para que o acordo de US$ 4 milh\u00f5es (R$ 20 milh\u00f5es) seja finalizado com o Botafogo.<\/p>\n\n\n\n<h2 class=\"wp-block-heading\">Murilo pode estar de sa\u00edda do Palmeiras<\/h2>\n\n\n\n<p>Com as poss\u00edveis chegadas de Barboza e Nino, as chances s\u00e3o grandes de Murilo ser negociado nas pr\u00f3ximas janelas. Afinal, ambos desembarcariam em S\u00e3o Paulo justamente para brigar pela titularidade da zaga ao lado de Gustavo G\u00f3mez, capit\u00e3o, \u00eddolo e figura intoc\u00e1vel no time de Abel Ferreira.<\/p>\n\n\n\n<p>Desde a temporada passada, o Verde tem feito movimenta\u00e7\u00f5es no mercado no sentido de reformular o plantel. Foram realizadas mudan\u00e7as no meio de campo e no ataque. Faltam trocas de peso na zaga, que podem acontecer caso os dois atletas citados venham a ser confirmados como refor\u00e7os palmeirenses.<\/p>\n","protected":false},"excerpt":{"rendered":"<p>Os dias de Murilo no Palmeiras podem estar contados. Isso porque o Verd\u00e3o, depois de acertar com Barboza, do Botafogo, mira a contrata\u00e7\u00e3o de mais um zagueiro, mais caro que o argentino, para fortalecer ainda mais o setor defensivo do elenco. Movimenta\u00e7\u00f5es essas que podem indicar uma sa\u00edda do camisa 26. Segundo informa\u00e7\u00e3o da ESPN, [&hellip;]<\/p>\n","protected":false},"author":13,"featured_media":9559,"comment_status":"open","ping_status":"closed","sticky":false,"template":"","format":"standard","meta":{"jnews-multi-image_gallery":[],"jnews_single_post":{"format":"standard"},"jnews_primary_category":[],"jnews_social_meta":[],"jnews_post_split":[],"footnotes":""},"categories":[55],"tags":[],"class_list":["post-9558","post","type-post","status-publish","format-standard","has-post-thumbnail","hentry","category-trends"],"_links":{"self":[{"href":"https:\/\/acriticatrends.audiencelabs.com.br\/wp-json\/wp\/v2\/posts\/9558","targetHints":{"allow":["GET"]}}],"collection":[{"href":"https:\/\/acriticatrends.audiencelabs.com.br\/wp-json\/wp\/v2\/posts"}],"about":[{"href":"https:\/\/acriticatrends.audiencelabs.com.br\/wp-json\/wp\/v2\/types\/post"}],"author":[{"embeddable":true,"href":"https:\/\/acriticatrends.audiencelabs.com.br\/wp-json\/wp\/v2\/users\/13"}],"replies":[{"embeddable":true,"href":"https:\/\/acriticatrends.audiencelabs.com.br\/wp-json\/wp\/v2\/comments?post=9558"}],"version-history":[{"count":1,"href":"https:\/\/acriticatrends.audiencelabs.com.br\/wp-json\/wp\/v2\/posts\/9558\/revisions"}],"predecessor-version":[{"id":9565,"href":"https:\/\/acriticatrends.audiencelabs.com.br\/wp-json\/wp\/v2\/posts\/9558\/revisions\/9565"}],"wp:featuredmedia":[{"embeddable":true,"href":"https:\/\/acriticatrends.audiencelabs.com.br\/wp-json\/wp\/v2\/media\/9559"}],"wp:attachment":[{"href":"https:\/\/acriticatrends.audiencelabs.com.br\/wp-json\/wp\/v2\/media?parent=9558"}],"wp:term":[{"taxonomy":"category","embeddable":true,"href":"https:\/\/acriticatrends.audiencelabs.com.br\/wp-json\/wp\/v2\/categories?post=9558"},{"taxonomy":"post_tag","embeddable":true,"href":"https:\/\/acriticatrends.audiencelabs.com.br\/wp-json\/wp\/v2\/tags?post=9558"}],"curies":[{"name":"wp","href":"https:\/\/api.w.org\/{rel}","templated":true}]}}