{"id":9560,"date":"2026-04-30T11:46:00","date_gmt":"2026-04-30T14:46:00","guid":{"rendered":"https:\/\/acriticatrends.audiencelabs.com.br\/?p=9560"},"modified":"2026-04-30T09:01:18","modified_gmt":"2026-04-30T12:01:18","slug":"japoneses-vao-investir-r-500-milhoes-em-maneira-inedita-de-producao-de-energia-eletrica-e-gerar-10-mil-empregos-no-brasil","status":"publish","type":"post","link":"https:\/\/acriticatrends.audiencelabs.com.br\/japoneses-vao-investir-r-500-milhoes-em-maneira-inedita-de-producao-de-energia-eletrica-e-gerar-10-mil-empregos-no-brasil\/","title":{"rendered":"Japoneses v\u00e3o investir R$ 500 milh\u00f5es em maneira in\u00e9dita de produ\u00e7\u00e3o de energia el\u00e9trica e gerar 10 mil empregos no Brasil"},"content":{"rendered":"\n<p>Um novo projeto promete mudar o cen\u00e1rio da gera\u00e7\u00e3o de energia no Brasil ao introduzir uma tecnologia ainda in\u00e9dita no pa\u00eds. A iniciativa envolve investimento internacional robusto e foco em fontes renov\u00e1veis. A proposta tamb\u00e9m prev\u00ea impacto significativo na gera\u00e7\u00e3o de empregos.<\/p>\n\n\n\n<h2 class=\"wp-block-heading\">Tecnologia in\u00e9dita em \u00e1guas profundas<\/h2>\n\n\n\n<p>A novidade est\u00e1 na implanta\u00e7\u00e3o de energia e\u00f3lica offshore flutuante, modelo ainda n\u00e3o utilizado em territ\u00f3rio nacional. Diferente das estruturas fixas, essa tecnologia permite instala\u00e7\u00e3o em \u00e1reas mar\u00edtimas mais profundas. Isso amplia o potencial de aproveitamento dos ventos.<\/p>\n\n\n\n<p>O projeto ser\u00e1 desenvolvido pr\u00f3ximo ao Porto de Rio Grande, no Rio Grande do Sul. A escolha da regi\u00e3o se deve \u00e0 combina\u00e7\u00e3o de condi\u00e7\u00f5es naturais favor\u00e1veis e infraestrutura dispon\u00edvel. A previs\u00e3o \u00e9 que a opera\u00e7\u00e3o comece a partir de 2029.<\/p>\n\n\n\n<p>As plataformas ser\u00e3o constru\u00eddas com estruturas modulares de concreto armado. Esse formato reduz custos e acelera o processo de implanta\u00e7\u00e3o. Ap\u00f3s a montagem em terra, as unidades ser\u00e3o levadas at\u00e9 o local definitivo por embarca\u00e7\u00f5es especializadas.<\/p>\n\n\n\n<figure class=\"wp-block-image size-large\"><img loading=\"lazy\" decoding=\"async\" width=\"1024\" height=\"663\" src=\"https:\/\/acriticatrends.audiencelabs.com.br\/wp-content\/uploads\/2026\/04\/nicholas-doherty-pONBhDyOFoM-unsplash-1024x663.jpg\" alt=\"\" class=\"wp-image-8801\" srcset=\"https:\/\/acriticatrends.audiencelabs.com.br\/wp-content\/uploads\/2026\/04\/nicholas-doherty-pONBhDyOFoM-unsplash-1024x663.jpg 1024w, https:\/\/acriticatrends.audiencelabs.com.br\/wp-content\/uploads\/2026\/04\/nicholas-doherty-pONBhDyOFoM-unsplash-300x194.jpg 300w, https:\/\/acriticatrends.audiencelabs.com.br\/wp-content\/uploads\/2026\/04\/nicholas-doherty-pONBhDyOFoM-unsplash-768x498.jpg 768w, https:\/\/acriticatrends.audiencelabs.com.br\/wp-content\/uploads\/2026\/04\/nicholas-doherty-pONBhDyOFoM-unsplash-1536x995.jpg 1536w, https:\/\/acriticatrends.audiencelabs.com.br\/wp-content\/uploads\/2026\/04\/nicholas-doherty-pONBhDyOFoM-unsplash-750x486.jpg 750w, https:\/\/acriticatrends.audiencelabs.com.br\/wp-content\/uploads\/2026\/04\/nicholas-doherty-pONBhDyOFoM-unsplash-1140x739.jpg 1140w, https:\/\/acriticatrends.audiencelabs.com.br\/wp-content\/uploads\/2026\/04\/nicholas-doherty-pONBhDyOFoM-unsplash.jpg 1920w\" sizes=\"auto, (max-width: 1024px) 100vw, 1024px\" \/><figcaption class=\"wp-element-caption\">Cr\u00e9ditos: Nicholas Doherty \/ Unsplash<\/figcaption><\/figure>\n\n\n\n<h2 class=\"wp-block-heading\">Impacto econ\u00f4mico e gera\u00e7\u00e3o de empregos<\/h2>\n\n\n\n<p>O investimento inicial ultrapassa a marca de US$ 100 milh\u00f5es, o equivalente a cerca de R$ 500 milh\u00f5es. A expectativa \u00e9 gerar entre 5 mil e 10 mil empregos diretos e indiretos. O projeto deve movimentar diferentes setores da economia local.<\/p>\n\n\n\n<p>A constru\u00e7\u00e3o das estruturas e a manuten\u00e7\u00e3o futura exigir\u00e3o m\u00e3o de obra qualificada. Isso tende a estimular a capacita\u00e7\u00e3o profissional e o fortalecimento da ind\u00fastria regional. \u00c1reas como log\u00edstica, servi\u00e7os e engenharia devem ser diretamente beneficiadas.<\/p>\n\n\n\n<p>Al\u00e9m disso, a parceria internacional amplia o interc\u00e2mbio tecnol\u00f3gico. A experi\u00eancia japonesa ser\u00e1 adaptada \u00e0 cadeia produtiva brasileira. Esse modelo fortalece a integra\u00e7\u00e3o entre inova\u00e7\u00e3o estrangeira e capacidade industrial nacional.<\/p>\n\n\n\n<p>A instala\u00e7\u00e3o em alto-mar reduz impactos visuais e ambientais em compara\u00e7\u00e3o a projetos pr\u00f3ximos da costa. Outro ponto relevante \u00e9 a durabilidade das estruturas, com vida \u00fatil estimada em cerca de 25 anos. A manuten\u00e7\u00e3o tamb\u00e9m tende a ser menos frequente.<\/p>\n","protected":false},"excerpt":{"rendered":"<p>Um novo projeto promete mudar o cen\u00e1rio da gera\u00e7\u00e3o de energia no Brasil ao introduzir uma tecnologia ainda in\u00e9dita no pa\u00eds. A iniciativa envolve investimento internacional robusto e foco em fontes renov\u00e1veis. A proposta tamb\u00e9m prev\u00ea impacto significativo na gera\u00e7\u00e3o de empregos. Tecnologia in\u00e9dita em \u00e1guas profundas A novidade est\u00e1 na implanta\u00e7\u00e3o de energia e\u00f3lica [&hellip;]<\/p>\n","protected":false},"author":12,"featured_media":9561,"comment_status":"open","ping_status":"closed","sticky":false,"template":"","format":"standard","meta":{"jnews-multi-image_gallery":[],"jnews_single_post":{"format":"standard"},"jnews_primary_category":[],"jnews_social_meta":[],"jnews_post_split":[],"footnotes":""},"categories":[55],"tags":[],"class_list":["post-9560","post","type-post","status-publish","format-standard","has-post-thumbnail","hentry","category-trends"],"_links":{"self":[{"href":"https:\/\/acriticatrends.audiencelabs.com.br\/wp-json\/wp\/v2\/posts\/9560","targetHints":{"allow":["GET"]}}],"collection":[{"href":"https:\/\/acriticatrends.audiencelabs.com.br\/wp-json\/wp\/v2\/posts"}],"about":[{"href":"https:\/\/acriticatrends.audiencelabs.com.br\/wp-json\/wp\/v2\/types\/post"}],"author":[{"embeddable":true,"href":"https:\/\/acriticatrends.audiencelabs.com.br\/wp-json\/wp\/v2\/users\/12"}],"replies":[{"embeddable":true,"href":"https:\/\/acriticatrends.audiencelabs.com.br\/wp-json\/wp\/v2\/comments?post=9560"}],"version-history":[{"count":1,"href":"https:\/\/acriticatrends.audiencelabs.com.br\/wp-json\/wp\/v2\/posts\/9560\/revisions"}],"predecessor-version":[{"id":9562,"href":"https:\/\/acriticatrends.audiencelabs.com.br\/wp-json\/wp\/v2\/posts\/9560\/revisions\/9562"}],"wp:featuredmedia":[{"embeddable":true,"href":"https:\/\/acriticatrends.audiencelabs.com.br\/wp-json\/wp\/v2\/media\/9561"}],"wp:attachment":[{"href":"https:\/\/acriticatrends.audiencelabs.com.br\/wp-json\/wp\/v2\/media?parent=9560"}],"wp:term":[{"taxonomy":"category","embeddable":true,"href":"https:\/\/acriticatrends.audiencelabs.com.br\/wp-json\/wp\/v2\/categories?post=9560"},{"taxonomy":"post_tag","embeddable":true,"href":"https:\/\/acriticatrends.audiencelabs.com.br\/wp-json\/wp\/v2\/tags?post=9560"}],"curies":[{"name":"wp","href":"https:\/\/api.w.org\/{rel}","templated":true}]}}