{"id":9568,"date":"2026-04-30T10:15:00","date_gmt":"2026-04-30T13:15:00","guid":{"rendered":"https:\/\/acriticatrends.audiencelabs.com.br\/?p=9568"},"modified":"2026-04-30T09:25:44","modified_gmt":"2026-04-30T12:25:44","slug":"lista-de-beneficiarios-do-bolsa-familia-vai-chegar-no-feriado-com-mais-dinheiro-na-conta","status":"publish","type":"post","link":"https:\/\/acriticatrends.audiencelabs.com.br\/lista-de-beneficiarios-do-bolsa-familia-vai-chegar-no-feriado-com-mais-dinheiro-na-conta\/","title":{"rendered":"Lista de benefici\u00e1rios do Bolsa Fam\u00edlia vai chegar no feriado com mais dinheiro na conta"},"content":{"rendered":"\n<p>Benefici\u00e1rios do Bolsa Fam\u00edlia v\u00e3o para o feriad\u00e3o de 1\u00ba de maio com a conta recheada de dinheiro. Isso porque a Caixa Econ\u00f4mica Federal conclui, nesta quinta-feira (30), o pagamento da parcela de abril do programa de transfer\u00eancia de renda. Recebe hoje quem tem N\u00famero de Inscri\u00e7\u00e3o Social (NIS) de final 0.<\/p>\n\n\n\n<p>O valor m\u00ednimo repassado aos integrantes do aux\u00edlio \u00e9 de R$ 600, mas os adicionais fazem o valor m\u00e9dio chegar a R$ 678,22. De acordo com o Minist\u00e9rio do Desenvolvimento e Assist\u00eancia Social, neste m\u00eas o programa do Governo Federal alcan\u00e7ou 18,9 milh\u00f5es de fam\u00edlias, com gasto de R$ 12,8 bilh\u00f5es.<\/p>\n\n\n\n<p>Al\u00e9m da quantia-base, h\u00e1 o pagamento de tr\u00eas adicionais, como o Benef\u00edcio Vari\u00e1vel Familiar Nutriz, que paga seis parcelas de R$ 50 a m\u00e3es de beb\u00eas de at\u00e9 seis meses de idade. Tamb\u00e9m s\u00e3o pagos b\u00f4nus de R$ 50 a gestantes e nutrizes (m\u00e3es que amamentam), R$ 50 a cada filho de 7 a 18 anos e outro, de R$ 150, a cada crian\u00e7a de at\u00e9 6 anos.<\/p>\n\n\n<div class=\"wp-block-image\">\n<figure class=\"aligncenter size-large\"><img loading=\"lazy\" decoding=\"async\" width=\"1024\" height=\"682\" src=\"https:\/\/acriticatrends.audiencelabs.com.br\/wp-content\/uploads\/2026\/04\/real_moedadinheiro_jfcrz_abr_1701220041_1-1-1024x682.jpg\" alt=\"\" class=\"wp-image-9570\" srcset=\"https:\/\/acriticatrends.audiencelabs.com.br\/wp-content\/uploads\/2026\/04\/real_moedadinheiro_jfcrz_abr_1701220041_1-1-1024x682.jpg 1024w, https:\/\/acriticatrends.audiencelabs.com.br\/wp-content\/uploads\/2026\/04\/real_moedadinheiro_jfcrz_abr_1701220041_1-1-300x200.jpg 300w, https:\/\/acriticatrends.audiencelabs.com.br\/wp-content\/uploads\/2026\/04\/real_moedadinheiro_jfcrz_abr_1701220041_1-1-768x512.jpg 768w, https:\/\/acriticatrends.audiencelabs.com.br\/wp-content\/uploads\/2026\/04\/real_moedadinheiro_jfcrz_abr_1701220041_1-1-1536x1024.jpg 1536w, https:\/\/acriticatrends.audiencelabs.com.br\/wp-content\/uploads\/2026\/04\/real_moedadinheiro_jfcrz_abr_1701220041_1-1-750x500.jpg 750w, https:\/\/acriticatrends.audiencelabs.com.br\/wp-content\/uploads\/2026\/04\/real_moedadinheiro_jfcrz_abr_1701220041_1-1-1140x760.jpg 1140w, https:\/\/acriticatrends.audiencelabs.com.br\/wp-content\/uploads\/2026\/04\/real_moedadinheiro_jfcrz_abr_1701220041_1-1.jpg 2000w\" sizes=\"auto, (max-width: 1024px) 100vw, 1024px\" \/><figcaption class=\"wp-element-caption\">Cr\u00e9ditos: Jos\u00e9 Cruz\/Ag\u00eancia Brasil<\/figcaption><\/figure>\n<\/div>\n\n\n<p>Seguindo o cronograma tradicional do Bolsa Fam\u00edlia, os pagamentos acontecem nos \u00faltimos dez dias \u00fateis de cada m\u00eas. Os benefici\u00e1rios podem consultar informa\u00e7\u00f5es sobre as datas de pagamento, o valor do benef\u00edcio e a composi\u00e7\u00e3o das parcelas no aplicativo Caixa Tem, utilizado para acompanhar as contas poupan\u00e7a digitais do banco.<\/p>\n\n\n\n<h2 class=\"wp-block-heading\">Veja abaixo o calend\u00e1rio de pagamentos do Bolsa Fam\u00edlia em abril 2026:<\/h2>\n\n\n\n<ul class=\"wp-block-list\">\n<li>16 de abril: NIS final 1<\/li>\n\n\n\n<li>17 de abril: NIS final 2<\/li>\n\n\n\n<li>20 de abril: NIS final 3<\/li>\n\n\n\n<li>22 de abril: NIS final 4<\/li>\n\n\n\n<li>23 de abril: NIS final 5<\/li>\n\n\n\n<li>24 de abril: NIS final 6<\/li>\n\n\n\n<li>27 de abril: NIS final 7<\/li>\n\n\n\n<li>28 de abril: NIS final 8<\/li>\n\n\n\n<li>29 de abril: NIS final 9<\/li>\n\n\n\n<li>30 de abril: NIS final 0<\/li>\n<\/ul>\n\n\n\n<p>Iniciado em mar\u00e7o, o cronograma se estender\u00e1 at\u00e9 dezembro. Atualmente, cerca de 18,7 milh\u00f5es de fam\u00edlias \u2014 48,92 milh\u00f5es de pessoas \u2014 s\u00e3o contempladas pelo aux\u00edlio.<\/p>\n","protected":false},"excerpt":{"rendered":"<p>Benefici\u00e1rios do Bolsa Fam\u00edlia v\u00e3o para o feriad\u00e3o de 1\u00ba de maio com a conta recheada de dinheiro. Isso porque a Caixa Econ\u00f4mica Federal conclui, nesta quinta-feira (30), o pagamento da parcela de abril do programa de transfer\u00eancia de renda. Recebe hoje quem tem N\u00famero de Inscri\u00e7\u00e3o Social (NIS) de final 0. O valor m\u00ednimo [&hellip;]<\/p>\n","protected":false},"author":13,"featured_media":9569,"comment_status":"open","ping_status":"closed","sticky":false,"template":"","format":"standard","meta":{"jnews-multi-image_gallery":[],"jnews_single_post":{"format":"standard"},"jnews_primary_category":[],"jnews_social_meta":[],"jnews_post_split":[],"footnotes":""},"categories":[55],"tags":[],"class_list":["post-9568","post","type-post","status-publish","format-standard","has-post-thumbnail","hentry","category-trends"],"_links":{"self":[{"href":"https:\/\/acriticatrends.audiencelabs.com.br\/wp-json\/wp\/v2\/posts\/9568","targetHints":{"allow":["GET"]}}],"collection":[{"href":"https:\/\/acriticatrends.audiencelabs.com.br\/wp-json\/wp\/v2\/posts"}],"about":[{"href":"https:\/\/acriticatrends.audiencelabs.com.br\/wp-json\/wp\/v2\/types\/post"}],"author":[{"embeddable":true,"href":"https:\/\/acriticatrends.audiencelabs.com.br\/wp-json\/wp\/v2\/users\/13"}],"replies":[{"embeddable":true,"href":"https:\/\/acriticatrends.audiencelabs.com.br\/wp-json\/wp\/v2\/comments?post=9568"}],"version-history":[{"count":1,"href":"https:\/\/acriticatrends.audiencelabs.com.br\/wp-json\/wp\/v2\/posts\/9568\/revisions"}],"predecessor-version":[{"id":9571,"href":"https:\/\/acriticatrends.audiencelabs.com.br\/wp-json\/wp\/v2\/posts\/9568\/revisions\/9571"}],"wp:featuredmedia":[{"embeddable":true,"href":"https:\/\/acriticatrends.audiencelabs.com.br\/wp-json\/wp\/v2\/media\/9569"}],"wp:attachment":[{"href":"https:\/\/acriticatrends.audiencelabs.com.br\/wp-json\/wp\/v2\/media?parent=9568"}],"wp:term":[{"taxonomy":"category","embeddable":true,"href":"https:\/\/acriticatrends.audiencelabs.com.br\/wp-json\/wp\/v2\/categories?post=9568"},{"taxonomy":"post_tag","embeddable":true,"href":"https:\/\/acriticatrends.audiencelabs.com.br\/wp-json\/wp\/v2\/tags?post=9568"}],"curies":[{"name":"wp","href":"https:\/\/api.w.org\/{rel}","templated":true}]}}