{"id":9572,"date":"2026-04-30T10:52:00","date_gmt":"2026-04-30T13:52:00","guid":{"rendered":"https:\/\/acriticatrends.audiencelabs.com.br\/?p=9572"},"modified":"2026-04-30T09:39:56","modified_gmt":"2026-04-30T12:39:56","slug":"presidente-do-corinthians-da-pessima-noticia-sobre-renovacao-com-memphis-depay","status":"publish","type":"post","link":"https:\/\/acriticatrends.audiencelabs.com.br\/presidente-do-corinthians-da-pessima-noticia-sobre-renovacao-com-memphis-depay\/","title":{"rendered":"Presidente do Corinthians d\u00e1 p\u00e9ssima not\u00edcia sobre renova\u00e7\u00e3o com Memphis Depay"},"content":{"rendered":"\n<p>O presidente do Corinthians, Osmar Stabile, adotou um discurso nada animador ao ser questionado sobre a renova\u00e7\u00e3o de Memphis Depay. Ap\u00f3s reuni\u00e3o do Conselho Deliberativo, que aprovou as contas de 2025 do clube, o mandat\u00e1rio afirmou que o atacante s\u00f3 seguir\u00e1 vestindo o manto alvinegro se uma parceria for fechada.<\/p>\n\n\n\n<p>\u201cSe aparecer uma empresa que queira investir para ele fazer propaganda para essa empresa&#8230; n\u00f3s j\u00e1 estamos conversando com algumas. Se der certo, ele continua. Mas se n\u00e3o der, n\u00e3o foi provisionado [previsto no or\u00e7amento futuro] nem um tost\u00e3o no Corinthians. N\u00e3o tem esse dinheiro para pagar o Memphis\u201d, declarou Stabile.<\/p>\n\n\n\n<p>A fala do presidente corintiano aconteceu pouco depois de o conselheiro vital\u00edcio do Tim\u00e3o, C\u00e9sar Romeu Gon\u00e7alves, afirmar que o holand\u00eas \u00e9 um preju\u00edzo para as finan\u00e7as: \u201cR$ 6 milh\u00f5es por m\u00eas. N\u00e3o faz um gol, n\u00e3o d\u00e1 uma assist\u00eancia. Faz quatro meses que o cara n\u00e3o joga e n\u00f3s temos que pagar. E a d\u00edvida dele \u00e9 de R$ 42 milh\u00f5es ainda\u201d.<\/p>\n\n\n<div class=\"wp-block-image\">\n<figure class=\"aligncenter size-large\"><img loading=\"lazy\" decoding=\"async\" width=\"1024\" height=\"860\" src=\"https:\/\/acriticatrends.audiencelabs.com.br\/wp-content\/uploads\/2026\/04\/SaveClip.App_599297696_18552422926011623_2027266833558604033_n-1-e1777030084141-1024x860.jpg\" alt=\"\" class=\"wp-image-8919\" srcset=\"https:\/\/acriticatrends.audiencelabs.com.br\/wp-content\/uploads\/2026\/04\/SaveClip.App_599297696_18552422926011623_2027266833558604033_n-1-e1777030084141-1024x860.jpg 1024w, https:\/\/acriticatrends.audiencelabs.com.br\/wp-content\/uploads\/2026\/04\/SaveClip.App_599297696_18552422926011623_2027266833558604033_n-1-e1777030084141-300x252.jpg 300w, https:\/\/acriticatrends.audiencelabs.com.br\/wp-content\/uploads\/2026\/04\/SaveClip.App_599297696_18552422926011623_2027266833558604033_n-1-e1777030084141-768x645.jpg 768w, https:\/\/acriticatrends.audiencelabs.com.br\/wp-content\/uploads\/2026\/04\/SaveClip.App_599297696_18552422926011623_2027266833558604033_n-1-e1777030084141-750x630.jpg 750w, https:\/\/acriticatrends.audiencelabs.com.br\/wp-content\/uploads\/2026\/04\/SaveClip.App_599297696_18552422926011623_2027266833558604033_n-1-e1777030084141-1140x958.jpg 1140w, https:\/\/acriticatrends.audiencelabs.com.br\/wp-content\/uploads\/2026\/04\/SaveClip.App_599297696_18552422926011623_2027266833558604033_n-1-e1777030084141.jpg 1200w\" sizes=\"auto, (max-width: 1024px) 100vw, 1024px\" \/><figcaption class=\"wp-element-caption\">Cr\u00e9ditos: Instagram\/Memphis Depay<\/figcaption><\/figure>\n<\/div>\n\n\n<p>Com uma d\u00edvida bruta de R$ 2,7 milh\u00f5es, o Alvinegro do Parque S\u00e3o Jorge n\u00e3o pode se dar ao luxo de ter um jogador caro que n\u00e3o resolve. O contrato de Memphis se encerra agora em junho. Caso n\u00e3o haja um consenso at\u00e9 l\u00e1, o camisa 10 ficar\u00e1 livre no mercado da bola para definir seu futuro nos gramados.<\/p>\n\n\n\n<h2 class=\"wp-block-heading\">Memphis Depay custa uma fortuna ao Corinthians<\/h2>\n\n\n\n<p>Segundo a ESPN, o pacote Memphis custa mensalmente ao Tim\u00e3o algo em torno de R$ 7 milh\u00f5es, entre sal\u00e1rios, luvas e bonifica\u00e7\u00f5es, al\u00e9m de impostos. Valor que faz dele o segundo jogador mais caro do futebol brasileiro, ficando atr\u00e1s apenas de Neymar.<\/p>\n\n\n\n<p>Isso, claro, sem contar o que o clube j\u00e1 deve ao atleta, que gira em torno de R$ 42 milh\u00f5es. Essas cifras est\u00e3o atreladas a gatilhos contratuais por metas como t\u00edtulos, gols e assist\u00eancias. A diretoria busca uma forma de parcelar o d\u00e9bito junto ao holand\u00eas.<\/p>\n","protected":false},"excerpt":{"rendered":"<p>O presidente do Corinthians, Osmar Stabile, adotou um discurso nada animador ao ser questionado sobre a renova\u00e7\u00e3o de Memphis Depay. Ap\u00f3s reuni\u00e3o do Conselho Deliberativo, que aprovou as contas de 2025 do clube, o mandat\u00e1rio afirmou que o atacante s\u00f3 seguir\u00e1 vestindo o manto alvinegro se uma parceria for fechada. \u201cSe aparecer uma empresa que [&hellip;]<\/p>\n","protected":false},"author":13,"featured_media":8920,"comment_status":"open","ping_status":"closed","sticky":false,"template":"","format":"standard","meta":{"jnews-multi-image_gallery":[],"jnews_single_post":{"format":"standard"},"jnews_primary_category":[],"jnews_social_meta":[],"jnews_post_split":[],"footnotes":""},"categories":[55],"tags":[],"class_list":["post-9572","post","type-post","status-publish","format-standard","has-post-thumbnail","hentry","category-trends"],"_links":{"self":[{"href":"https:\/\/acriticatrends.audiencelabs.com.br\/wp-json\/wp\/v2\/posts\/9572","targetHints":{"allow":["GET"]}}],"collection":[{"href":"https:\/\/acriticatrends.audiencelabs.com.br\/wp-json\/wp\/v2\/posts"}],"about":[{"href":"https:\/\/acriticatrends.audiencelabs.com.br\/wp-json\/wp\/v2\/types\/post"}],"author":[{"embeddable":true,"href":"https:\/\/acriticatrends.audiencelabs.com.br\/wp-json\/wp\/v2\/users\/13"}],"replies":[{"embeddable":true,"href":"https:\/\/acriticatrends.audiencelabs.com.br\/wp-json\/wp\/v2\/comments?post=9572"}],"version-history":[{"count":1,"href":"https:\/\/acriticatrends.audiencelabs.com.br\/wp-json\/wp\/v2\/posts\/9572\/revisions"}],"predecessor-version":[{"id":9573,"href":"https:\/\/acriticatrends.audiencelabs.com.br\/wp-json\/wp\/v2\/posts\/9572\/revisions\/9573"}],"wp:featuredmedia":[{"embeddable":true,"href":"https:\/\/acriticatrends.audiencelabs.com.br\/wp-json\/wp\/v2\/media\/8920"}],"wp:attachment":[{"href":"https:\/\/acriticatrends.audiencelabs.com.br\/wp-json\/wp\/v2\/media?parent=9572"}],"wp:term":[{"taxonomy":"category","embeddable":true,"href":"https:\/\/acriticatrends.audiencelabs.com.br\/wp-json\/wp\/v2\/categories?post=9572"},{"taxonomy":"post_tag","embeddable":true,"href":"https:\/\/acriticatrends.audiencelabs.com.br\/wp-json\/wp\/v2\/tags?post=9572"}],"curies":[{"name":"wp","href":"https:\/\/api.w.org\/{rel}","templated":true}]}}