{"id":9576,"date":"2026-05-03T08:15:00","date_gmt":"2026-05-03T11:15:00","guid":{"rendered":"https:\/\/acriticatrends.audiencelabs.com.br\/?p=9576"},"modified":"2026-04-30T10:20:35","modified_gmt":"2026-04-30T13:20:35","slug":"como-voltar-ao-bolsa-familia-depois-do-beneficio-ter-sido-cancelado","status":"publish","type":"post","link":"https:\/\/acriticatrends.audiencelabs.com.br\/como-voltar-ao-bolsa-familia-depois-do-beneficio-ter-sido-cancelado\/","title":{"rendered":"Como voltar ao Bolsa Fam\u00edlia depois do benef\u00edcio ter sido cancelado"},"content":{"rendered":"\n<p>Programa de transfer\u00eancia de renda do Governo Federal, o Bolsa Fam\u00edlia exige que os benefici\u00e1rios mantenham o cadastro atualizado para continuar sendo contemplados. Caso contr\u00e1rio, o aux\u00edlio pode ser suspenso ou at\u00e9 mesmo cancelado, fazendo com que fam\u00edlias que precisam do dinheiro no dia a dia sejam afetadas.<\/p>\n\n\n\n<p>\u00c9 comum que o cancelamento ocorra sem que a pessoa entenda a real motiva\u00e7\u00e3o da medida. Por isso, \u00e9 importante saber como agir em situa\u00e7\u00f5es como essas. Existem formas de verificar o que aconteceu e de tentar reverter a situa\u00e7\u00e3o, desde que alguns passos sejam seguidos.<\/p>\n\n\n\n<p>A primeira coisa a se fazer ao perceber que o pagamento foi interrompido \u00e9 identificar o motivo, que pode ser dados desatualizados, aumento da renda familiar ou inconsist\u00eancias no cadastro. Depois, deve-se procurar os canais oficiais para regularizar a situa\u00e7\u00e3o o mais r\u00e1pido poss\u00edvel, especialmente o Centro de Refer\u00eancia de Assist\u00eancia Social (CRAS).<\/p>\n\n\n<div class=\"wp-block-image\">\n<figure class=\"aligncenter size-large\"><img loading=\"lazy\" decoding=\"async\" width=\"1024\" height=\"609\" src=\"https:\/\/acriticatrends.audiencelabs.com.br\/wp-content\/uploads\/2026\/03\/21-anos-bolsa-familia-governo-lula-ptmg-ptdeminas-pt-minas-gerais-1024x609.png\" alt=\"Bolsa Fam\u00edlia\" class=\"wp-image-3635\" srcset=\"https:\/\/acriticatrends.audiencelabs.com.br\/wp-content\/uploads\/2026\/03\/21-anos-bolsa-familia-governo-lula-ptmg-ptdeminas-pt-minas-gerais-1024x609.png 1024w, https:\/\/acriticatrends.audiencelabs.com.br\/wp-content\/uploads\/2026\/03\/21-anos-bolsa-familia-governo-lula-ptmg-ptdeminas-pt-minas-gerais-300x178.png 300w, https:\/\/acriticatrends.audiencelabs.com.br\/wp-content\/uploads\/2026\/03\/21-anos-bolsa-familia-governo-lula-ptmg-ptdeminas-pt-minas-gerais-768x457.png 768w, https:\/\/acriticatrends.audiencelabs.com.br\/wp-content\/uploads\/2026\/03\/21-anos-bolsa-familia-governo-lula-ptmg-ptdeminas-pt-minas-gerais-750x446.png 750w, https:\/\/acriticatrends.audiencelabs.com.br\/wp-content\/uploads\/2026\/03\/21-anos-bolsa-familia-governo-lula-ptmg-ptdeminas-pt-minas-gerais-1140x678.png 1140w, https:\/\/acriticatrends.audiencelabs.com.br\/wp-content\/uploads\/2026\/03\/21-anos-bolsa-familia-governo-lula-ptmg-ptdeminas-pt-minas-gerais.png 1480w\" sizes=\"auto, (max-width: 1024px) 100vw, 1024px\" \/><figcaption class=\"wp-element-caption\">Cr\u00e9ditos: Prefeitura de Embu das Artes<\/figcaption><\/figure>\n<\/div>\n\n\n<p>Descoberta a raz\u00e3o do cancelamento, \u00e9 poss\u00edvel solicitar uma an\u00e1lise do caso, que funciona como uma revis\u00e3o cadastral e envolve: atualiza\u00e7\u00e3o dos dados no Cadastro \u00danico; apresenta\u00e7\u00e3o de documentos que comprovem a situa\u00e7\u00e3o atual da fam\u00edlia; e explica\u00e7\u00e3o de poss\u00edveis mudan\u00e7as na renda ou composi\u00e7\u00e3o familiar.<\/p>\n\n\n\n<p>Passada essa etapa de an\u00e1lise, o governo realiza uma nova avalia\u00e7\u00e3o para averiguar se a fam\u00edlia ainda se enquadra nas normas do programa. O cancelamento, vale ressaltar, n\u00e3o significa perda definitiva. Na maioria dos casos, trata-se apenas de uma suspens\u00e3o tempor\u00e1ria para resolu\u00e7\u00e3o de pend\u00eancias.<\/p>\n\n\n\n<h2 class=\"wp-block-heading\">Prazo para retornar ao Bolsa Fam\u00edlia<\/h2>\n\n\n\n<p>Feito todo o processo, resta esperar a resposta, cujo prazo pode variar. A volta do pagamento depende da an\u00e1lise feita pelos \u00f3rg\u00e3os respons\u00e1veis, bem como da regulariza\u00e7\u00e3o completa das informa\u00e7\u00f5es cadastradas.<\/p>\n\n\n\n<p>Se o pedido for aprovado, a fam\u00edlia voltar\u00e1 a receber os valores normalmente. Em alguns casos, a depender da situa\u00e7\u00e3o, cifras que ficaram em atraso podem ser pagas.<\/p>\n\n\n\n<p>Mesmo ap\u00f3s tudo ser regularizado, \u00e9 importante manter os dados atualizados para evitar novos bloqueios no futuro e garantir a continuidade do benef\u00edcio.<\/p>\n","protected":false},"excerpt":{"rendered":"<p>Programa de transfer\u00eancia de renda do Governo Federal, o Bolsa Fam\u00edlia exige que os benefici\u00e1rios mantenham o cadastro atualizado para continuar sendo contemplados. Caso contr\u00e1rio, o aux\u00edlio pode ser suspenso ou at\u00e9 mesmo cancelado, fazendo com que fam\u00edlias que precisam do dinheiro no dia a dia sejam afetadas. \u00c9 comum que o cancelamento ocorra sem [&hellip;]<\/p>\n","protected":false},"author":13,"featured_media":9578,"comment_status":"open","ping_status":"closed","sticky":false,"template":"","format":"standard","meta":{"jnews-multi-image_gallery":[],"jnews_single_post":{"format":"standard"},"jnews_primary_category":[],"jnews_social_meta":[],"jnews_post_split":[],"footnotes":""},"categories":[55],"tags":[],"class_list":["post-9576","post","type-post","status-publish","format-standard","has-post-thumbnail","hentry","category-trends"],"_links":{"self":[{"href":"https:\/\/acriticatrends.audiencelabs.com.br\/wp-json\/wp\/v2\/posts\/9576","targetHints":{"allow":["GET"]}}],"collection":[{"href":"https:\/\/acriticatrends.audiencelabs.com.br\/wp-json\/wp\/v2\/posts"}],"about":[{"href":"https:\/\/acriticatrends.audiencelabs.com.br\/wp-json\/wp\/v2\/types\/post"}],"author":[{"embeddable":true,"href":"https:\/\/acriticatrends.audiencelabs.com.br\/wp-json\/wp\/v2\/users\/13"}],"replies":[{"embeddable":true,"href":"https:\/\/acriticatrends.audiencelabs.com.br\/wp-json\/wp\/v2\/comments?post=9576"}],"version-history":[{"count":1,"href":"https:\/\/acriticatrends.audiencelabs.com.br\/wp-json\/wp\/v2\/posts\/9576\/revisions"}],"predecessor-version":[{"id":9580,"href":"https:\/\/acriticatrends.audiencelabs.com.br\/wp-json\/wp\/v2\/posts\/9576\/revisions\/9580"}],"wp:featuredmedia":[{"embeddable":true,"href":"https:\/\/acriticatrends.audiencelabs.com.br\/wp-json\/wp\/v2\/media\/9578"}],"wp:attachment":[{"href":"https:\/\/acriticatrends.audiencelabs.com.br\/wp-json\/wp\/v2\/media?parent=9576"}],"wp:term":[{"taxonomy":"category","embeddable":true,"href":"https:\/\/acriticatrends.audiencelabs.com.br\/wp-json\/wp\/v2\/categories?post=9576"},{"taxonomy":"post_tag","embeddable":true,"href":"https:\/\/acriticatrends.audiencelabs.com.br\/wp-json\/wp\/v2\/tags?post=9576"}],"curies":[{"name":"wp","href":"https:\/\/api.w.org\/{rel}","templated":true}]}}