{"id":9584,"date":"2026-05-03T07:45:00","date_gmt":"2026-05-03T10:45:00","guid":{"rendered":"https:\/\/acriticatrends.audiencelabs.com.br\/?p=9584"},"modified":"2026-04-30T10:36:07","modified_gmt":"2026-04-30T13:36:07","slug":"veio-da-havan-esta-construindo-o-residencial-mais-alto-do-mundo-na-cidade-mais-cara-do-brasil","status":"publish","type":"post","link":"https:\/\/acriticatrends.audiencelabs.com.br\/veio-da-havan-esta-construindo-o-residencial-mais-alto-do-mundo-na-cidade-mais-cara-do-brasil\/","title":{"rendered":"V\u00e9io da Havan est\u00e1 construindo o residencial mais alto do mundo na cidade mais cara do Brasil"},"content":{"rendered":"\n<p>O empres\u00e1rio Luciano Hang, tamb\u00e9m conhecido como V\u00e9io da Havan, est\u00e1 construindo o pr\u00e9dio residencial mais alto do mundo na cidade mais cara do Brasil. O dono da varejista \u00e9 um dos respons\u00e1veis pela Senna Tower, que est\u00e1 sendo erguida em Balne\u00e1rio Cambori\u00fa-SC e ter\u00e1 dimens\u00f5es impressionantes.<\/p>\n\n\n\n<p>Fruto de uma parceria entre a fam\u00edlia Hang, a Graciola e a Senna, o projeto foi idealizado por Lalalli Senna, sobrinha de Ayrton Senna, e \u00e9 assinado pela FG Empreendimentos, respons\u00e1vel por outros edif\u00edcios altos da cidade. Como o nome sugere, \u00e9 uma homenagem ao tricampe\u00e3o mundial de F\u00f3rmula 1.<\/p>\n\n\n\n<p>Para ajudar nos trabalhos, a obra ganhou, recentemente, o acr\u00e9scimo da m\u00e1quina perfuratriz italiana MAIT CFA 34-36, avaliada em mais de R$ 50 milh\u00f5es. Equipado com a maior h\u00e9lice cont\u00ednua j\u00e1 utilizada no pa\u00eds, o aparelho inovador \u00e9 o \u00fanico em opera\u00e7\u00e3o por aqui e possui capacidade de impulsionar em at\u00e9 30% a produtividade na execu\u00e7\u00e3o das estacas.<\/p>\n\n\n<div class=\"wp-block-image\">\n<figure class=\"aligncenter size-large\"><img loading=\"lazy\" decoding=\"async\" width=\"1024\" height=\"576\" src=\"https:\/\/acriticatrends.audiencelabs.com.br\/wp-content\/uploads\/2026\/04\/senna-tower-2-944x531.jpg-1024x576.jpg\" alt=\"\" class=\"wp-image-7250\" srcset=\"https:\/\/acriticatrends.audiencelabs.com.br\/wp-content\/uploads\/2026\/04\/senna-tower-2-944x531.jpg-1024x576.jpg 1024w, https:\/\/acriticatrends.audiencelabs.com.br\/wp-content\/uploads\/2026\/04\/senna-tower-2-944x531.jpg-300x169.jpg 300w, https:\/\/acriticatrends.audiencelabs.com.br\/wp-content\/uploads\/2026\/04\/senna-tower-2-944x531.jpg-768x432.jpg 768w, https:\/\/acriticatrends.audiencelabs.com.br\/wp-content\/uploads\/2026\/04\/senna-tower-2-944x531.jpg-750x422.jpg 750w, https:\/\/acriticatrends.audiencelabs.com.br\/wp-content\/uploads\/2026\/04\/senna-tower-2-944x531.jpg-1140x641.jpg 1140w, https:\/\/acriticatrends.audiencelabs.com.br\/wp-content\/uploads\/2026\/04\/senna-tower-2-944x531.jpg.jpg 1200w\" sizes=\"auto, (max-width: 1024px) 100vw, 1024px\" \/><figcaption class=\"wp-element-caption\">Cr\u00e9ditos: Divulga\u00e7\u00e3o\/Luciano Hang<\/figcaption><\/figure>\n<\/div>\n\n\n<p>Al\u00e9m do status de o maior dos pr\u00e9dios resid\u00eanciais, a Senna Tower ser\u00e1 um dos maiores edif\u00edcios do planeta de uma forma geral. Ativo na internet, Hang utilizou as redes sociais para atualizar o andamento da constru\u00e7\u00e3o e afirmou o seguinte sobre o novo empreendimento: \u201cO futuro da constru\u00e7\u00e3o civil est\u00e1 sendo moldado\u201d.<\/p>\n\n\n\n<h2 class=\"wp-block-heading\">Senna Tower ser\u00e1 gigante<\/h2>\n\n\n\n<p>Conforme destacado, o pr\u00e9dio ser\u00e1 o maior do mundo em termos residenciais e um dos maiores no geral. Ao todo, ser\u00e3o 157 andares, compostos por 228 unidades residenciais de alto luxo, incluindo apartamentos, coberturas duplex e duas megacoberturas triplex com aproximadamente 900 m\u00b2.<\/p>\n\n\n\n<p>Al\u00e9m disso, o edif\u00edcio tamb\u00e9m oferecer\u00e1 \u00e1reas abertas ao p\u00fablico, como lojas, restaurantes e espa\u00e7os de lazer, com acesso direto \u00e0 Avenida Atl\u00e2ntica, uma das regi\u00f5es mais valorizadas de Balne\u00e1rio Cambori\u00fa. Ser\u00e1 a primeira torre da Am\u00e9rica Latina a ter um TMD (Tuned Mass Damper), um sistema de contrapeso usado para estabilizar edif\u00edcios muito altos contra o vento e tremores.<\/p>\n","protected":false},"excerpt":{"rendered":"<p>O empres\u00e1rio Luciano Hang, tamb\u00e9m conhecido como V\u00e9io da Havan, est\u00e1 construindo o pr\u00e9dio residencial mais alto do mundo na cidade mais cara do Brasil. O dono da varejista \u00e9 um dos respons\u00e1veis pela Senna Tower, que est\u00e1 sendo erguida em Balne\u00e1rio Cambori\u00fa-SC e ter\u00e1 dimens\u00f5es impressionantes. Fruto de uma parceria entre a fam\u00edlia Hang, [&hellip;]<\/p>\n","protected":false},"author":13,"featured_media":4596,"comment_status":"open","ping_status":"closed","sticky":false,"template":"","format":"standard","meta":{"jnews-multi-image_gallery":[],"jnews_single_post":{"format":"standard"},"jnews_primary_category":[],"jnews_social_meta":[],"jnews_post_split":[],"footnotes":""},"categories":[55],"tags":[],"class_list":["post-9584","post","type-post","status-publish","format-standard","has-post-thumbnail","hentry","category-trends"],"_links":{"self":[{"href":"https:\/\/acriticatrends.audiencelabs.com.br\/wp-json\/wp\/v2\/posts\/9584","targetHints":{"allow":["GET"]}}],"collection":[{"href":"https:\/\/acriticatrends.audiencelabs.com.br\/wp-json\/wp\/v2\/posts"}],"about":[{"href":"https:\/\/acriticatrends.audiencelabs.com.br\/wp-json\/wp\/v2\/types\/post"}],"author":[{"embeddable":true,"href":"https:\/\/acriticatrends.audiencelabs.com.br\/wp-json\/wp\/v2\/users\/13"}],"replies":[{"embeddable":true,"href":"https:\/\/acriticatrends.audiencelabs.com.br\/wp-json\/wp\/v2\/comments?post=9584"}],"version-history":[{"count":1,"href":"https:\/\/acriticatrends.audiencelabs.com.br\/wp-json\/wp\/v2\/posts\/9584\/revisions"}],"predecessor-version":[{"id":9585,"href":"https:\/\/acriticatrends.audiencelabs.com.br\/wp-json\/wp\/v2\/posts\/9584\/revisions\/9585"}],"wp:featuredmedia":[{"embeddable":true,"href":"https:\/\/acriticatrends.audiencelabs.com.br\/wp-json\/wp\/v2\/media\/4596"}],"wp:attachment":[{"href":"https:\/\/acriticatrends.audiencelabs.com.br\/wp-json\/wp\/v2\/media?parent=9584"}],"wp:term":[{"taxonomy":"category","embeddable":true,"href":"https:\/\/acriticatrends.audiencelabs.com.br\/wp-json\/wp\/v2\/categories?post=9584"},{"taxonomy":"post_tag","embeddable":true,"href":"https:\/\/acriticatrends.audiencelabs.com.br\/wp-json\/wp\/v2\/tags?post=9584"}],"curies":[{"name":"wp","href":"https:\/\/api.w.org\/{rel}","templated":true}]}}