{"id":9611,"date":"2026-04-30T15:15:00","date_gmt":"2026-04-30T18:15:00","guid":{"rendered":"https:\/\/acriticatrends.audiencelabs.com.br\/?p=9611"},"modified":"2026-04-30T16:23:11","modified_gmt":"2026-04-30T19:23:11","slug":"real-madrid-nao-quer-perder-o-novo-endrick-e-pode-pagar-r-585-milhoes","status":"publish","type":"post","link":"https:\/\/acriticatrends.audiencelabs.com.br\/real-madrid-nao-quer-perder-o-novo-endrick-e-pode-pagar-r-585-milhoes\/","title":{"rendered":"Real Madrid n\u00e3o quer perder o novo Endrick e pode pagar R$ 585 milh\u00f5es"},"content":{"rendered":"\n<p>O Real Madrid j\u00e1 se movimenta para n\u00e3o deixar escapar uma nova promessa brasileira comparada at\u00e9 mesmo a Endrick, e pode chegar a investir cerca de R$ 585 milh\u00f5es para garantir a contrata\u00e7\u00e3o no futuro. O interesse mostra justamente como o clube espanhol segue atento ao mercado sul-americano em busca de jovens talentos.<\/p>\n\n\n\n<p>O nome que desperta essa aten\u00e7\u00e3o \u00e9 o de <strong>Eduardo Concei\u00e7\u00e3o<\/strong>, atacante de apenas 16 anos que vem se destacando nas categorias de base do Palmeiras. Nascido em S\u00e3o Paulo, em dezembro de 2009, ele j\u00e1 construiu uma trajet\u00f3ria s\u00f3lida dentro do clube desde que chegou, ainda muito jovem.<\/p>\n\n\n\n<h2 class=\"wp-block-heading\">Real Madrid de olho<\/h2>\n\n\n\n<p>Com 1,79m de altura e atuando principalmente pelos lados do campo, o jogador tamb\u00e9m demonstra versatilidade ao atuar centralizado. No entanto, o que mais chama aten\u00e7\u00e3o \u00e9 justamente sua capacidade de participar tanto da finaliza\u00e7\u00e3o quanto da constru\u00e7\u00e3o das jogadas.<\/p>\n\n\n\n<p>Os n\u00fameros recentes refor\u00e7am esse crescimento dentro de campo. Em 2025, pelo Sub-17, Eduardo disputou 38 partidas e marcou 13 gols, enquanto no ano seguinte subiu para o Sub-20, mesmo sendo mais novo, e j\u00e1 soma 5 gols em 16 jogos.<\/p>\n\n\n\n<p>Esse desempenho acelerou sua evolu\u00e7\u00e3o dentro do clube paulista. Internamente, o Palmeiras j\u00e1 trata o atacante como um talento fora da curva, justamente por sua combina\u00e7\u00e3o de explos\u00e3o em espa\u00e7os curtos e leitura de jogo acima da m\u00e9dia para a idade.<\/p>\n\n\n\n<p>Al\u00e9m disso, o jovem tamb\u00e9m demonstra personalidade em jogos importantes. At\u00e9 mesmo sua capacidade no um contra um e participa\u00e7\u00e3o ofensiva constante s\u00e3o pontos observados com aten\u00e7\u00e3o por clubes europeus.<\/p>\n\n\n\n<figure class=\"wp-block-image size-large\"><img loading=\"lazy\" decoding=\"async\" width=\"1024\" height=\"577\" src=\"https:\/\/acriticatrends.audiencelabs.com.br\/wp-content\/uploads\/2026\/04\/Edu8.jpg-1-1024x577.jpg\" alt=\"\" class=\"wp-image-7838\" srcset=\"https:\/\/acriticatrends.audiencelabs.com.br\/wp-content\/uploads\/2026\/04\/Edu8.jpg-1-1024x577.jpg 1024w, https:\/\/acriticatrends.audiencelabs.com.br\/wp-content\/uploads\/2026\/04\/Edu8.jpg-1-300x169.jpg 300w, https:\/\/acriticatrends.audiencelabs.com.br\/wp-content\/uploads\/2026\/04\/Edu8.jpg-1-768x433.jpg 768w, https:\/\/acriticatrends.audiencelabs.com.br\/wp-content\/uploads\/2026\/04\/Edu8.jpg-1-750x422.jpg 750w, https:\/\/acriticatrends.audiencelabs.com.br\/wp-content\/uploads\/2026\/04\/Edu8.jpg-1-1140x642.jpg 1140w, https:\/\/acriticatrends.audiencelabs.com.br\/wp-content\/uploads\/2026\/04\/Edu8.jpg-1.jpg 1243w\" sizes=\"auto, (max-width: 1024px) 100vw, 1024px\" \/><figcaption class=\"wp-element-caption\">Cr\u00e9ditos: Cesar Greco\/Palmeiras<\/figcaption><\/figure>\n\n\n\n<h2 class=\"wp-block-heading\">Interesse europeu cresce e Palmeiras se protege<\/h2>\n\n\n\n<p>O interesse internacional aumenta na mesma propor\u00e7\u00e3o de sua evolu\u00e7\u00e3o, com sondagens vindas at\u00e9 mesmo da Inglaterra. No entanto, \u00e9 o Real Madrid que acompanha de perto cada passo do jogador, mantendo monitoramento estrat\u00e9gico.<\/p>\n\n\n\n<p>Apesar disso, o Palmeiras mant\u00e9m controle total da situa\u00e7\u00e3o e j\u00e1 se protegeu com um contrato v\u00e1lido at\u00e9 2029. A multa rescis\u00f3ria, fixada em cerca de 100 milh\u00f5es de euros, deixa claro o tamanho da aposta no atleta, que ainda nem estreou no profissional, mas segue ganhando espa\u00e7o e responsabilidade.<\/p>\n","protected":false},"excerpt":{"rendered":"<p>O Real Madrid j\u00e1 se movimenta para n\u00e3o deixar escapar uma nova promessa brasileira comparada at\u00e9 mesmo a Endrick, e pode chegar a investir cerca de R$ 585 milh\u00f5es para garantir a contrata\u00e7\u00e3o no futuro. O interesse mostra justamente como o clube espanhol segue atento ao mercado sul-americano em busca de jovens talentos. O nome [&hellip;]<\/p>\n","protected":false},"author":4,"featured_media":8203,"comment_status":"open","ping_status":"closed","sticky":false,"template":"","format":"standard","meta":{"jnews-multi-image_gallery":[],"jnews_single_post":{"format":"standard"},"jnews_primary_category":[],"jnews_social_meta":[],"jnews_post_split":[],"footnotes":""},"categories":[55],"tags":[],"class_list":["post-9611","post","type-post","status-publish","format-standard","has-post-thumbnail","hentry","category-trends"],"_links":{"self":[{"href":"https:\/\/acriticatrends.audiencelabs.com.br\/wp-json\/wp\/v2\/posts\/9611","targetHints":{"allow":["GET"]}}],"collection":[{"href":"https:\/\/acriticatrends.audiencelabs.com.br\/wp-json\/wp\/v2\/posts"}],"about":[{"href":"https:\/\/acriticatrends.audiencelabs.com.br\/wp-json\/wp\/v2\/types\/post"}],"author":[{"embeddable":true,"href":"https:\/\/acriticatrends.audiencelabs.com.br\/wp-json\/wp\/v2\/users\/4"}],"replies":[{"embeddable":true,"href":"https:\/\/acriticatrends.audiencelabs.com.br\/wp-json\/wp\/v2\/comments?post=9611"}],"version-history":[{"count":2,"href":"https:\/\/acriticatrends.audiencelabs.com.br\/wp-json\/wp\/v2\/posts\/9611\/revisions"}],"predecessor-version":[{"id":9678,"href":"https:\/\/acriticatrends.audiencelabs.com.br\/wp-json\/wp\/v2\/posts\/9611\/revisions\/9678"}],"wp:featuredmedia":[{"embeddable":true,"href":"https:\/\/acriticatrends.audiencelabs.com.br\/wp-json\/wp\/v2\/media\/8203"}],"wp:attachment":[{"href":"https:\/\/acriticatrends.audiencelabs.com.br\/wp-json\/wp\/v2\/media?parent=9611"}],"wp:term":[{"taxonomy":"category","embeddable":true,"href":"https:\/\/acriticatrends.audiencelabs.com.br\/wp-json\/wp\/v2\/categories?post=9611"},{"taxonomy":"post_tag","embeddable":true,"href":"https:\/\/acriticatrends.audiencelabs.com.br\/wp-json\/wp\/v2\/tags?post=9611"}],"curies":[{"name":"wp","href":"https:\/\/api.w.org\/{rel}","templated":true}]}}