{"id":9656,"date":"2026-05-02T06:15:00","date_gmt":"2026-05-02T09:15:00","guid":{"rendered":"https:\/\/acriticatrends.audiencelabs.com.br\/?p=9656"},"modified":"2026-04-30T15:16:49","modified_gmt":"2026-04-30T18:16:49","slug":"santos-escolhe-primeiro-reforco-da-janela-para-jogar-com-neymar","status":"publish","type":"post","link":"https:\/\/acriticatrends.audiencelabs.com.br\/santos-escolhe-primeiro-reforco-da-janela-para-jogar-com-neymar\/","title":{"rendered":"Santos escolhe primeiro refor\u00e7o da janela para jogar com Neymar"},"content":{"rendered":"\n<p>O Santos j\u00e1 definiu que o primeiro refor\u00e7o da pr\u00f3xima janela ser\u00e1 para o ataque, pensando justamente em formar um setor ofensivo mais forte para atuar ao lado de Neymar. A ideia \u00e9 trazer um jogador de lado de campo, ampliando as op\u00e7\u00f5es e deixando o time mais competitivo.<\/p>\n\n\n\n<p>Nos bastidores, o clube j\u00e1 iniciou os movimentos mirando a janela de julho, com o t\u00e9cnico Cuca participando do planejamento. A diretoria quer refor\u00e7os pontuais, mas sem fugir da realidade financeira atual.<\/p>\n\n\n\n<p>Entre os nomes avaliados, quem voltou a ganhar for\u00e7a foi <strong>Victor S\u00e1<\/strong>, atualmente no Krasnodar. O atacante j\u00e1 demonstrou interesse em retornar ao Brasil, o que aumentou a aten\u00e7\u00e3o do clube paulista.<\/p>\n\n\n\n<p>N\u00e3o \u00e9 a primeira vez que o jogador aparece no radar do Santos. Em outras janelas, ele j\u00e1 havia sido observado, o que mostra uma certa confian\u00e7a no perfil que ele pode entregar dentro de campo.<\/p>\n\n\n\n<p>O destaque de Victor S\u00e1 no Botafogo pesa a favor, principalmente pela intensidade e capacidade de atuar aberto. Esse estilo \u00e9 justamente o que o Santos busca para ajudar na cria\u00e7\u00e3o das jogadas.<\/p>\n\n\n\n<p>No entanto, a negocia\u00e7\u00e3o n\u00e3o \u00e9 considerada simples neste momento. Segundo informa\u00e7\u00f5es do jornalista Samir Carvalho, o atacante recebe cerca de R$ 1 milh\u00e3o por m\u00eas, valor visto como alto para o atual cen\u00e1rio do clube.<\/p>\n\n\n\n<figure class=\"wp-block-image size-large\"><img loading=\"lazy\" decoding=\"async\" width=\"1024\" height=\"683\" src=\"https:\/\/acriticatrends.audiencelabs.com.br\/wp-content\/uploads\/2026\/04\/52834100425_4fa3164e9c_k-1-1024x683.jpg\" alt=\"\" class=\"wp-image-9661\" srcset=\"https:\/\/acriticatrends.audiencelabs.com.br\/wp-content\/uploads\/2026\/04\/52834100425_4fa3164e9c_k-1-1024x683.jpg 1024w, https:\/\/acriticatrends.audiencelabs.com.br\/wp-content\/uploads\/2026\/04\/52834100425_4fa3164e9c_k-1-300x200.jpg 300w, https:\/\/acriticatrends.audiencelabs.com.br\/wp-content\/uploads\/2026\/04\/52834100425_4fa3164e9c_k-1-768x512.jpg 768w, https:\/\/acriticatrends.audiencelabs.com.br\/wp-content\/uploads\/2026\/04\/52834100425_4fa3164e9c_k-1-750x500.jpg 750w, https:\/\/acriticatrends.audiencelabs.com.br\/wp-content\/uploads\/2026\/04\/52834100425_4fa3164e9c_k-1-1140x760.jpg 1140w, https:\/\/acriticatrends.audiencelabs.com.br\/wp-content\/uploads\/2026\/04\/52834100425_4fa3164e9c_k-1.jpg 1200w\" sizes=\"auto, (max-width: 1024px) 100vw, 1024px\" \/><figcaption class=\"wp-element-caption\">Cr\u00e9ditos: Vitor Silva\/Botafogo<\/figcaption><\/figure>\n\n\n\n<h2 class=\"wp-block-heading\">Negocia\u00e7\u00e3o exige cautela e enfrenta concorr\u00eancia<\/h2>\n\n\n\n<p>Al\u00e9m da quest\u00e3o salarial, o Corinthians tamb\u00e9m j\u00e1 demonstrou interesse no jogador, o que pode elevar ainda mais os custos. Isso faz com que o Santos adote uma postura mais cautelosa nas conversas.<\/p>\n\n\n\n<p>Outro ponto analisado internamente \u00e9 a idade de Victor S\u00e1, que tem 32 anos, o que gera reflex\u00e3o sobre o custo-benef\u00edcio. Ainda assim, o clube segue avaliando o nome com aten\u00e7\u00e3o, justamente por enxergar nele uma pe\u00e7a que pode encaixar no ataque ao lado de Neymar.<\/p>\n","protected":false},"excerpt":{"rendered":"<p>O Santos j\u00e1 definiu que o primeiro refor\u00e7o da pr\u00f3xima janela ser\u00e1 para o ataque, pensando justamente em formar um setor ofensivo mais forte para atuar ao lado de Neymar. A ideia \u00e9 trazer um jogador de lado de campo, ampliando as op\u00e7\u00f5es e deixando o time mais competitivo. Nos bastidores, o clube j\u00e1 iniciou [&hellip;]<\/p>\n","protected":false},"author":4,"featured_media":9662,"comment_status":"open","ping_status":"closed","sticky":false,"template":"","format":"standard","meta":{"jnews-multi-image_gallery":[],"jnews_single_post":{"format":"standard"},"jnews_primary_category":[],"jnews_social_meta":[],"jnews_post_split":[],"footnotes":""},"categories":[55],"tags":[],"class_list":["post-9656","post","type-post","status-publish","format-standard","has-post-thumbnail","hentry","category-trends"],"_links":{"self":[{"href":"https:\/\/acriticatrends.audiencelabs.com.br\/wp-json\/wp\/v2\/posts\/9656","targetHints":{"allow":["GET"]}}],"collection":[{"href":"https:\/\/acriticatrends.audiencelabs.com.br\/wp-json\/wp\/v2\/posts"}],"about":[{"href":"https:\/\/acriticatrends.audiencelabs.com.br\/wp-json\/wp\/v2\/types\/post"}],"author":[{"embeddable":true,"href":"https:\/\/acriticatrends.audiencelabs.com.br\/wp-json\/wp\/v2\/users\/4"}],"replies":[{"embeddable":true,"href":"https:\/\/acriticatrends.audiencelabs.com.br\/wp-json\/wp\/v2\/comments?post=9656"}],"version-history":[{"count":2,"href":"https:\/\/acriticatrends.audiencelabs.com.br\/wp-json\/wp\/v2\/posts\/9656\/revisions"}],"predecessor-version":[{"id":9728,"href":"https:\/\/acriticatrends.audiencelabs.com.br\/wp-json\/wp\/v2\/posts\/9656\/revisions\/9728"}],"wp:featuredmedia":[{"embeddable":true,"href":"https:\/\/acriticatrends.audiencelabs.com.br\/wp-json\/wp\/v2\/media\/9662"}],"wp:attachment":[{"href":"https:\/\/acriticatrends.audiencelabs.com.br\/wp-json\/wp\/v2\/media?parent=9656"}],"wp:term":[{"taxonomy":"category","embeddable":true,"href":"https:\/\/acriticatrends.audiencelabs.com.br\/wp-json\/wp\/v2\/categories?post=9656"},{"taxonomy":"post_tag","embeddable":true,"href":"https:\/\/acriticatrends.audiencelabs.com.br\/wp-json\/wp\/v2\/tags?post=9656"}],"curies":[{"name":"wp","href":"https:\/\/api.w.org\/{rel}","templated":true}]}}