{"id":9664,"date":"2026-05-01T06:15:00","date_gmt":"2026-05-01T09:15:00","guid":{"rendered":"https:\/\/acriticatrends.audiencelabs.com.br\/?p=9664"},"modified":"2026-04-30T16:22:58","modified_gmt":"2026-04-30T19:22:58","slug":"flamengo-prepara-contratacao-de-outro-jogador-da-selecao-brasileira","status":"publish","type":"post","link":"https:\/\/acriticatrends.audiencelabs.com.br\/flamengo-prepara-contratacao-de-outro-jogador-da-selecao-brasileira\/","title":{"rendered":"Flamengo prepara contrata\u00e7\u00e3o de outro jogador da Sele\u00e7\u00e3o Brasileira"},"content":{"rendered":"\n<p>O Flamengo j\u00e1 se movimenta para buscar mais um jogador da Sele\u00e7\u00e3o Brasileira no pr\u00f3ximo mercado, mesmo com um elenco forte e cheio de op\u00e7\u00f5es. A estrat\u00e9gia do clube, no entanto, n\u00e3o passa por grandes pacotes de refor\u00e7os, mas sim por escolhas pontuais que elevem o n\u00edvel da equipe.<\/p>\n\n\n\n<p>Nos bastidores, a diretoria do Flamengo trabalha com cautela para a janela durante a Copa do Mundo. A ideia \u00e9 justamente aproveitar o per\u00edodo para observar melhor o elenco e entender poss\u00edveis necessidades, evitando decis\u00f5es precipitadas.<\/p>\n\n\n\n<p>Apesar do investimento elevado feito em Lucas Paquet\u00e1, o clube ainda v\u00ea espa\u00e7o para refor\u00e7os que cheguem com impacto imediato. O foco est\u00e1 em jogadores que possam resolver problemas espec\u00edficos, sem inflar ainda mais um grupo j\u00e1 considerado caro.<\/p>\n\n\n<style>@media (min-width: 992px) {\n    .recomendadorV2Area1 {\n        width: 280px;\n    }\n    .recomendadorV2Area2 {\n        padding: 0px 20px;\n        width: calc(100% - 280px);\n    }\n}\n\n@media (max-width: 992px) {\n    .recomendadorV2Button {\n        margin: 0 auto;\n    }\n    .recomendadorV2Area {\n        flex-direction: column;\n        text-align: center;\n    }\n    .recomendadorV2Area2 {\n        padding: 0px 20px;\n    }\n}\n\n.recomendadorV2Area {\n    background: #eeeeee3d;\n    border-radius: 10px;\n    padding: 15px;\n    display: flex;\n    margin: 15px auto;\n    border: 1px solid #00000014;\n    max-width: 800px;\n}\n\n.recomendadorV2Area1 img {\n    width: 280px;\n    height: auto;\n    border-radius: 8px;\n}\n\n.linkrecomendadorv2 {\n    text-decoration: none !important;\n}\n\n.recomendadorV2Area2 .recomendadorV2Type {\n    text-transform: uppercase;\n    font-weight: 500;\n    font-size: 11px;\n    letter-spacing: 2px;\n    color: #666;\n    margin: 12px 0;\n    display: block;\n}\n\n.recomendadorV2Title h2 {\n    padding-top: 0px !important;\n    margin: 0px !important;\n    border-left: none !important;\n    padding-left: 0px !important;\n    line-height: 1.3;\n    color: #000 !important;\n    font-size: 24px;\n    margin-bottom: 12px !important;\n}\n\n.recomendadorV2Desc {\n    color: #333;\n    margin: 12px 0px !important;\n    font-size: 15px;\n    line-height: 1.5;\n}\n\n.recomendadorV2Button {\n    width: auto;\n    max-width: 200px;\n    margin: 0;\n    display: inline-flex;\n    align-items: center;\n    background: #1D3557;\n    border-radius: 8px;\n    color: #fff;\n    height: 36px;\n    justify-content: center;\n    text-align: center;\n    font-size: 14px;\n    padding: 0 20px;\n    transition: background-color 0.2s ease;\n}\n\n.recomendadorV2Button:hover {\n    background: #2a4d7a;\n}\n\n.recomendadorV2Button:after {\n    margin-top: -2px;\n    content: \"\u2192\";\n    padding: 0px 0px 0px 8px;\n}\n\n.recomendadorV2Alert {\n    text-align: left;\n    font-size: 11px;\n    margin-top: 8px;\n    color: #666;\n}\n\n.recomendadorFixedArea {\n    width: 100%;\n    display: flex;\n    justify-content: center;\n    align-items: center;\n}\n\n@media (min-width: 992px) {\n    #recomendadorFixed {\n        width: 32% !important;\n        left: 5%;\n    }\n    .recomendadorCloseFixed{\n        right: inherit !important;\n        left: 378px !important;\n    }\n}\n\n#recomendadorFixed {\n    width: 90%;\n    box-shadow: 0 10px 20px 0px #00000057;\n    display: none;\n    height: 90px;\n    background: #F6F6F6;\n    position: fixed;\n    flex-direction: row;\n    bottom: 10px;\n    z-index: 9999;\n    border-radius: 16px;\n    padding: 7px 10px;\n}\n\n.recomendadorLeftArea {\n    width: 160px;\n}\n\n.recomendadorRightArea h2 {\n    padding-top: 0px;\n    margin: 2px 0px 4px 0px !important;\n    font-weight: 400;\n    text-align: center;\n    padding-left: 0px !important;\n    color: #000 !important;\n    border-left: none !important;\n    line-height: 20px;\n    font-size: 12px !important;\n}\n\n.recomendadorImgFixed {\n    overflow: hidden;\n    padding: 8px 6px;\n    height: 100%;\n}\n\n.recomendadorImgFixed img {\n    height: 100% !important;\n    border-radius: 16px;\n}\n\n.recomendadorRightArea {\n    padding-top: 6px;\n    display: flex;\n    width: calc(100% - 130px);\n    justify-content: space-between;\n    align-items: center;\n    flex-direction: column;\n}\n\n.recomendadorButtonFixed {\n    margin: 0 auto;\n    background: #1D3557;\n    width: 80%;\n    text-align: center;\n    font-size: 10px;\n    color: #FFF;\n    padding: 2px 10px;\n    border-radius: 3px;\n}\n\n.recomendadorButtonFixed:after {\n    margin-top: -3px;\n    content: \"\u2192\";\n    padding: 0px 0px 0px 10px;\n}\n\n.recomendadorAlertFixed {\n    font-weight: 400;\n    text-align: center;\n    color: #484848;\n    font-size: 8px;\n}\n\n.recomendadorCloseFixed {\n    z-index: 99999;\n    display: none;\n    right: 0px;\n    left: inherit;\n    bottom: 99px;\n    position: fixed;\n    justify-content: center;\n    background: #F6F6F6;\n    width: 25px;\n    align-items: center;\n    height: 25px;\n    font-weight: 800;\n    border-radius: 50%;\n    border: 1px solid #EBEBEB;\n}\n\n.recomendadorV2Desc{\n    color: #000000;\n    margin: 20px 0px;\n}\n\n@media (max-width: 576px) {\n    .recomendadorV2Area {\n      padding: 10px;\n      max-width: 100%;\n    }\n  \n    .recomendadorV2Area1 img {\n      width: 100%;\n      border-radius: 6px;\n    }\n  \n    .recomendadorV2Area2 .recomendadorV2Type {\n      font-size: 9px;\n      letter-spacing: 1px;\n      margin: 8px 0;\n    }\n  \n    .recomendadorV2Title h2 {\n      font-size: 18px !important;\n      margin-bottom: 8px !important;\n      line-height: 1.2;\n    }\n  \n    .recomendadorV2Desc {\n      font-size: 14px;\n      margin: 8px 0 !important;\n      line-height: 1.4;\n    }\n  \n    .recomendadorV2Button {\n      font-size: 14px;\n      height: 40px;\n      padding: 0 12px;\n      max-width: 100%;\n      width: 100%;\n    }\n  \n    .recomendadorV2Button:after {\n      padding-left: 6px;\n    }\n  }\n  <\/style>\n        <div class=\"lazyblock-recomendador-v2-2jDGz wp-block-lazyblock-recomendador-v2\">\n        <a class=\"linkrecomendadorv2\" href=\"https:\/\/www.acritica.com\/trends\/real-madrid-nao-quer-perder-o-novo-endrick-e-pode-pagar-r-585-milhoes\/?utm_source=lazy\" target=\"_blank\" rel=\"noopener\">\n            <div class=\"recomendadorV2Area\">\n            <div class=\"recomendadorV2Area1\">\n                <div class=\"recomendadorV2Img\">\n                <img class=\"lazyloaded\" decoding=\"async\" src=\"https:\/\/www.acritica.com\/trends\/wp-content\/uploads\/2026\/04\/florentino-perez-real-madrid-e1761745369877-1-1140x570.jpg\" data-src=\"https:\/\/www.acritica.com\/trends\/wp-content\/uploads\/2026\/04\/florentino-perez-real-madrid-e1761745369877-1-1140x570.jpg\" alt=\"\">\n                <\/div>\n            <\/div>\n            <div class=\"recomendadorV2Area2\">\n                <div class=\"recomendadorV2Type\">\n                    <span>Novo Endrick<\/span>\n                <\/div>\n                <div class=\"recomendadorV2Title\">\n                <h2><span>Oferta milion\u00e1ria \u26bd<\/span><\/h2>\n                <\/div>\n                <div class=\"recomendadorV2Desc\">\n                <span>Real Madrid pode pagar R$585 mi por joia<\/span>\n                <\/div>\n                <div class=\"recomendadorV2Button\">Ver negocia\u00e7\u00e3o<\/div>\n                <div class=\"recomendadorV2Alert\"><\/div>\n            <\/div>\n            <\/div>\n        <\/a>\n        <div>\n            <div style=\"z-index:99999;\" id=\"buttonClose\" onclick=\"closeRecomendadorFixed()\">\n            <div class=\"recomendadorCloseFixed\">X<\/div>\n            <\/div>\n            <a href=\"https:\/\/www.acritica.com\/trends\/real-madrid-nao-quer-perder-o-novo-endrick-e-pode-pagar-r-585-milhoes\/?utm_source=lazy\" target=\"_blank\" rel=\"noopener\">\n            <div class=\"recomendadorFixedArea\">\n                <div id=\"recomendadorFixed\">\n                <div class=\"recomendadorLeftArea\">\n                    <div class=\"recomendadorImgFixed\">\n                    <img class=\"lazyload\" decoding=\"async\" src=\"https:\/\/www.acritica.com\/trends\/wp-content\/uploads\/2026\/04\/florentino-perez-real-madrid-e1761745369877-1-1140x570.jpg\" alt=\"\">\n                    <\/div>\n                <\/div>\n                <div class=\"recomendadorRightArea\">\n                    <div class=\"recomendadorTitleFixed\">\n                    <h2><span>Oferta milion\u00e1ria \u26bd<\/span><\/h2>\n                    <\/div>\n                    <div class=\"recomendadorButtonFixed\">Ver negocia\u00e7\u00e3o<\/div>\n                    <div class=\"recomendadorAlertFixed\"><\/div>\n                <\/div>\n                <\/div>\n            <\/div>\n            <\/a>\n        <\/div>\n        <\/div>\n\n\n\n<p>Um dos nomes monitorados \u00e9 <strong>Danilo<\/strong>, destaque do Botafogo, que segue no radar desde o in\u00edcio do ano. Mesmo com o meio-campo visto como um setor com muitas op\u00e7\u00f5es, a possibilidade de investida n\u00e3o est\u00e1 descartada.<\/p>\n\n\n\n<p>No entanto, a negocia\u00e7\u00e3o n\u00e3o \u00e9 simples e envolve cifras altas, com o clube estipulando valor elevado para libera\u00e7\u00e3o. Al\u00e9m disso, o atleta prioriza o mercado internacional, o que pode dificultar qualquer avan\u00e7o do Flamengo neste momento.<\/p>\n\n\n\n<p>Outro ponto que chama aten\u00e7\u00e3o \u00e9 a necessidade de refor\u00e7ar o setor ofensivo, tratado como prioridade para a pr\u00f3xima janela. Isso acontece porque alguns nomes importantes podem deixar o clube em breve, abrindo espa\u00e7o para mudan\u00e7as.<\/p>\n\n\n\n<p>Entre os casos est\u00e3o Everton Cebolinha, Luiz Ara\u00fajo, Plata e Carrascal, que despertam interesse. Mesmo assim, o Flamengo n\u00e3o pretende facilitar sa\u00eddas e busca manter o equil\u00edbrio.<\/p>\n\n\n\n<figure class=\"wp-block-image size-large\"><img loading=\"lazy\" decoding=\"async\" width=\"1024\" height=\"639\" src=\"https:\/\/acriticatrends.audiencelabs.com.br\/wp-content\/uploads\/2026\/04\/55210310018_4d1b3bcf04_5k-scaled-aspect-ratio-512-320-1-1-1024x639.jpg\" alt=\"\" class=\"wp-image-9665\" srcset=\"https:\/\/acriticatrends.audiencelabs.com.br\/wp-content\/uploads\/2026\/04\/55210310018_4d1b3bcf04_5k-scaled-aspect-ratio-512-320-1-1-1024x639.jpg 1024w, https:\/\/acriticatrends.audiencelabs.com.br\/wp-content\/uploads\/2026\/04\/55210310018_4d1b3bcf04_5k-scaled-aspect-ratio-512-320-1-1-300x187.jpg 300w, https:\/\/acriticatrends.audiencelabs.com.br\/wp-content\/uploads\/2026\/04\/55210310018_4d1b3bcf04_5k-scaled-aspect-ratio-512-320-1-1-768x479.jpg 768w, https:\/\/acriticatrends.audiencelabs.com.br\/wp-content\/uploads\/2026\/04\/55210310018_4d1b3bcf04_5k-scaled-aspect-ratio-512-320-1-1-750x468.jpg 750w, https:\/\/acriticatrends.audiencelabs.com.br\/wp-content\/uploads\/2026\/04\/55210310018_4d1b3bcf04_5k-scaled-aspect-ratio-512-320-1-1-1140x712.jpg 1140w, https:\/\/acriticatrends.audiencelabs.com.br\/wp-content\/uploads\/2026\/04\/55210310018_4d1b3bcf04_5k-scaled-aspect-ratio-512-320-1-1.jpg 1200w\" sizes=\"auto, (max-width: 1024px) 100vw, 1024px\" \/><figcaption class=\"wp-element-caption\">Cr\u00e9ditos: Vitor Silva\/Botafogo<\/figcaption><\/figure>\n\n\n\n<h2 class=\"wp-block-heading\">Planejamento e cautela marcam estrat\u00e9gia<\/h2>\n\n\n\n<p>Internamente, o clube entende que o momento exige decis\u00f5es bem calculadas, at\u00e9 mesmo para n\u00e3o comprometer o planejamento. A comiss\u00e3o t\u00e9cnica, que passou por mudan\u00e7as entre Filipe Lu\u00eds e Leonardo Jardim, tamb\u00e9m influencia nessas escolhas.<\/p>\n","protected":false},"excerpt":{"rendered":"<p>O Flamengo j\u00e1 se movimenta para buscar mais um jogador da Sele\u00e7\u00e3o Brasileira no pr\u00f3ximo mercado, mesmo com um elenco forte e cheio de op\u00e7\u00f5es. A estrat\u00e9gia do clube, no entanto, n\u00e3o passa por grandes pacotes de refor\u00e7os, mas sim por escolhas pontuais que elevem o n\u00edvel da equipe. Nos bastidores, a diretoria do Flamengo [&hellip;]<\/p>\n","protected":false},"author":4,"featured_media":4912,"comment_status":"open","ping_status":"closed","sticky":false,"template":"","format":"standard","meta":{"jnews-multi-image_gallery":[],"jnews_single_post":{"format":"standard"},"jnews_primary_category":[],"jnews_social_meta":[],"jnews_post_split":[],"footnotes":""},"categories":[55],"tags":[],"class_list":["post-9664","post","type-post","status-publish","format-standard","has-post-thumbnail","hentry","category-trends"],"_links":{"self":[{"href":"https:\/\/acriticatrends.audiencelabs.com.br\/wp-json\/wp\/v2\/posts\/9664","targetHints":{"allow":["GET"]}}],"collection":[{"href":"https:\/\/acriticatrends.audiencelabs.com.br\/wp-json\/wp\/v2\/posts"}],"about":[{"href":"https:\/\/acriticatrends.audiencelabs.com.br\/wp-json\/wp\/v2\/types\/post"}],"author":[{"embeddable":true,"href":"https:\/\/acriticatrends.audiencelabs.com.br\/wp-json\/wp\/v2\/users\/4"}],"replies":[{"embeddable":true,"href":"https:\/\/acriticatrends.audiencelabs.com.br\/wp-json\/wp\/v2\/comments?post=9664"}],"version-history":[{"count":2,"href":"https:\/\/acriticatrends.audiencelabs.com.br\/wp-json\/wp\/v2\/posts\/9664\/revisions"}],"predecessor-version":[{"id":9679,"href":"https:\/\/acriticatrends.audiencelabs.com.br\/wp-json\/wp\/v2\/posts\/9664\/revisions\/9679"}],"wp:featuredmedia":[{"embeddable":true,"href":"https:\/\/acriticatrends.audiencelabs.com.br\/wp-json\/wp\/v2\/media\/4912"}],"wp:attachment":[{"href":"https:\/\/acriticatrends.audiencelabs.com.br\/wp-json\/wp\/v2\/media?parent=9664"}],"wp:term":[{"taxonomy":"category","embeddable":true,"href":"https:\/\/acriticatrends.audiencelabs.com.br\/wp-json\/wp\/v2\/categories?post=9664"},{"taxonomy":"post_tag","embeddable":true,"href":"https:\/\/acriticatrends.audiencelabs.com.br\/wp-json\/wp\/v2\/tags?post=9664"}],"curies":[{"name":"wp","href":"https:\/\/api.w.org\/{rel}","templated":true}]}}