{"id":9667,"date":"2026-05-01T10:15:00","date_gmt":"2026-05-01T13:15:00","guid":{"rendered":"https:\/\/acriticatrends.audiencelabs.com.br\/?p=9667"},"modified":"2026-04-30T15:30:31","modified_gmt":"2026-04-30T18:30:31","slug":"botafogo-determina-chegada-de-dois-defensores-na-proxima-janela","status":"publish","type":"post","link":"https:\/\/acriticatrends.audiencelabs.com.br\/botafogo-determina-chegada-de-dois-defensores-na-proxima-janela\/","title":{"rendered":"Botafogo determina chegada de dois defensores na pr\u00f3xima janela"},"content":{"rendered":"\n<p>O Botafogo j\u00e1 definiu que vai buscar a chegada de duas pe\u00e7as para o setor defensivo na pr\u00f3xima janela de transfer\u00eancias, justamente pensando em reorganizar o elenco para a sequ\u00eancia da temporada de 2026. A movimenta\u00e7\u00e3o ocorre em meio \u00e0 expectativa de sa\u00eddas importantes, o que obriga o clube a agir rapidamente.<\/p>\n\n\n\n<p>A situa\u00e7\u00e3o come\u00e7a a ganhar forma com a poss\u00edvel sa\u00edda de Alexander Barboza, que \u00e9 considerado um dos pilares da defesa. O zagueiro de 31 anos tem acerto encaminhado com o Palmeiras e pode deixar o clube antes mesmo do fim do contrato.<\/p>\n\n\n\n<p>Al\u00e9m dele, Danilo tamb\u00e9m aparece como uma baixa prov\u00e1vel, o que aumenta ainda mais a necessidade de reposi\u00e7\u00e3o no setor defensivo. Diante disso, a diretoria entende que refor\u00e7ar a <strong>zaga<\/strong> deixou de ser op\u00e7\u00e3o e passou a ser prioridade imediata.<\/p>\n\n\n\n<p>No entanto, n\u00e3o \u00e9 apenas a defesa que preocupa internamente, j\u00e1 que o gol tamb\u00e9m virou um ponto de aten\u00e7\u00e3o. Existe um entendimento claro de que o time precisa de um nome mais confi\u00e1vel para assumir a posi\u00e7\u00e3o de <strong>goleiro<\/strong>.<\/p>\n\n\n\n<p>Neto, que tem experi\u00eancia no futebol europeu, n\u00e3o conseguiu agradar como esperado, enquanto Raul e L\u00e9o Linck geram ainda menos confian\u00e7a. Justamente por isso, a avalia\u00e7\u00e3o \u00e9 de que seguir com essas op\u00e7\u00f5es at\u00e9 o fim do ano seria um risco consider\u00e1vel.<\/p>\n\n\n\n<p>Mesmo com o planejamento em andamento, o clube enfrenta um obst\u00e1culo importante fora das quatro linhas. Isso porque existem pend\u00eancias financeiras que precisam ser resolvidas antes de qualquer contrata\u00e7\u00e3o.<\/p>\n\n\n\n<figure class=\"wp-block-image size-large\"><img loading=\"lazy\" decoding=\"async\" width=\"1024\" height=\"651\" src=\"https:\/\/acriticatrends.audiencelabs.com.br\/wp-content\/uploads\/2026\/04\/Alexander-Barboza-em-foto-de-Vitor-Silva-Botafogo-1-1024x651.jpg\" alt=\"\" class=\"wp-image-9668\" srcset=\"https:\/\/acriticatrends.audiencelabs.com.br\/wp-content\/uploads\/2026\/04\/Alexander-Barboza-em-foto-de-Vitor-Silva-Botafogo-1-1024x651.jpg 1024w, https:\/\/acriticatrends.audiencelabs.com.br\/wp-content\/uploads\/2026\/04\/Alexander-Barboza-em-foto-de-Vitor-Silva-Botafogo-1-300x191.jpg 300w, https:\/\/acriticatrends.audiencelabs.com.br\/wp-content\/uploads\/2026\/04\/Alexander-Barboza-em-foto-de-Vitor-Silva-Botafogo-1-768x488.jpg 768w, https:\/\/acriticatrends.audiencelabs.com.br\/wp-content\/uploads\/2026\/04\/Alexander-Barboza-em-foto-de-Vitor-Silva-Botafogo-1-750x477.jpg 750w, https:\/\/acriticatrends.audiencelabs.com.br\/wp-content\/uploads\/2026\/04\/Alexander-Barboza-em-foto-de-Vitor-Silva-Botafogo-1-1140x725.jpg 1140w, https:\/\/acriticatrends.audiencelabs.com.br\/wp-content\/uploads\/2026\/04\/Alexander-Barboza-em-foto-de-Vitor-Silva-Botafogo-1.jpg 1200w\" sizes=\"auto, (max-width: 1024px) 100vw, 1024px\" \/><figcaption class=\"wp-element-caption\">Cr\u00e9ditos: Vitor Silva\/Botafogo<\/figcaption><\/figure>\n\n\n\n<h2 class=\"wp-block-heading\">Situa\u00e7\u00e3o fora de campo influencia decis\u00f5es<\/h2>\n\n\n\n<p>Atualmente, o Botafogo est\u00e1 impedido de registrar novos jogadores devido a san\u00e7\u00f5es da Fifa e tamb\u00e9m da CNRD da CBF. Essa limita\u00e7\u00e3o trava qualquer avan\u00e7o no mercado, mesmo com as necessidades j\u00e1 mapeadas.<\/p>\n\n\n\n<p>Por outro lado, a entrada da SAF em regime de recupera\u00e7\u00e3o judicial surge como uma poss\u00edvel solu\u00e7\u00e3o para destravar o cen\u00e1rio. At\u00e9 mesmo por isso, o clube trabalha em paralelo para resolver as quest\u00f5es financeiras e viabilizar as contrata\u00e7\u00f5es planejadas.<\/p>\n","protected":false},"excerpt":{"rendered":"<p>O Botafogo j\u00e1 definiu que vai buscar a chegada de duas pe\u00e7as para o setor defensivo na pr\u00f3xima janela de transfer\u00eancias, justamente pensando em reorganizar o elenco para a sequ\u00eancia da temporada de 2026. A movimenta\u00e7\u00e3o ocorre em meio \u00e0 expectativa de sa\u00eddas importantes, o que obriga o clube a agir rapidamente. A situa\u00e7\u00e3o come\u00e7a [&hellip;]<\/p>\n","protected":false},"author":4,"featured_media":5620,"comment_status":"open","ping_status":"closed","sticky":false,"template":"","format":"standard","meta":{"jnews-multi-image_gallery":[],"jnews_single_post":{"format":"standard"},"jnews_primary_category":[],"jnews_social_meta":[],"jnews_post_split":[],"footnotes":""},"categories":[55],"tags":[],"class_list":["post-9667","post","type-post","status-publish","format-standard","has-post-thumbnail","hentry","category-trends"],"_links":{"self":[{"href":"https:\/\/acriticatrends.audiencelabs.com.br\/wp-json\/wp\/v2\/posts\/9667","targetHints":{"allow":["GET"]}}],"collection":[{"href":"https:\/\/acriticatrends.audiencelabs.com.br\/wp-json\/wp\/v2\/posts"}],"about":[{"href":"https:\/\/acriticatrends.audiencelabs.com.br\/wp-json\/wp\/v2\/types\/post"}],"author":[{"embeddable":true,"href":"https:\/\/acriticatrends.audiencelabs.com.br\/wp-json\/wp\/v2\/users\/4"}],"replies":[{"embeddable":true,"href":"https:\/\/acriticatrends.audiencelabs.com.br\/wp-json\/wp\/v2\/comments?post=9667"}],"version-history":[{"count":1,"href":"https:\/\/acriticatrends.audiencelabs.com.br\/wp-json\/wp\/v2\/posts\/9667\/revisions"}],"predecessor-version":[{"id":9669,"href":"https:\/\/acriticatrends.audiencelabs.com.br\/wp-json\/wp\/v2\/posts\/9667\/revisions\/9669"}],"wp:featuredmedia":[{"embeddable":true,"href":"https:\/\/acriticatrends.audiencelabs.com.br\/wp-json\/wp\/v2\/media\/5620"}],"wp:attachment":[{"href":"https:\/\/acriticatrends.audiencelabs.com.br\/wp-json\/wp\/v2\/media?parent=9667"}],"wp:term":[{"taxonomy":"category","embeddable":true,"href":"https:\/\/acriticatrends.audiencelabs.com.br\/wp-json\/wp\/v2\/categories?post=9667"},{"taxonomy":"post_tag","embeddable":true,"href":"https:\/\/acriticatrends.audiencelabs.com.br\/wp-json\/wp\/v2\/tags?post=9667"}],"curies":[{"name":"wp","href":"https:\/\/api.w.org\/{rel}","templated":true}]}}