{"id":9687,"date":"2026-05-03T07:15:00","date_gmt":"2026-05-03T10:15:00","guid":{"rendered":"https:\/\/acriticatrends.audiencelabs.com.br\/?p=9687"},"modified":"2026-04-30T16:50:53","modified_gmt":"2026-04-30T19:50:53","slug":"apos-memphis-depay-que-jogou-no-barca-corinthians-quer-contratar-atacante-ex-real-madrid","status":"publish","type":"post","link":"https:\/\/acriticatrends.audiencelabs.com.br\/apos-memphis-depay-que-jogou-no-barca-corinthians-quer-contratar-atacante-ex-real-madrid\/","title":{"rendered":"Ap\u00f3s Memphis Depay que jogou no Bar\u00e7a, Corinthians quer contratar atacante ex-Real Madrid"},"content":{"rendered":"\n<p>Ap\u00f3s ter apostado em um nome com passagem pelo Barcelona, o Corinthians agora volta suas aten\u00e7\u00f5es para outro atacante com hist\u00f3rico no futebol europeu, desta vez com liga\u00e7\u00e3o ao Real Madrid. A movimenta\u00e7\u00e3o acontece j\u00e1 de olho na pr\u00f3xima janela, justamente para refor\u00e7ar o setor ofensivo.<\/p>\n\n\n\n<p>O nome analisado nos bastidores \u00e9 o de <strong>Willian Jos\u00e9<\/strong>, que atualmente est\u00e1 no Bahia. A diretoria, com participa\u00e7\u00e3o de Marcelo Paz, avalia a possibilidade de firmar um pr\u00e9-contrato a partir de julho.<\/p>\n\n\n\n<p>O interesse surge em meio ao receio de perder Yuri Alberto, que j\u00e1 recebeu sondagens do futebol italiano. No entanto, o clube entende que precisa de mais um centroavante at\u00e9 mesmo se o atual titular permanecer no elenco.<\/p>\n\n\n\n<p>A poss\u00edvel chegada de Willian Jos\u00e9 tem o aval do t\u00e9cnico Fernando Diniz. Internamente, o atacante \u00e9 visto como uma pe\u00e7a experiente, com caracter\u00edsticas de presen\u00e7a de \u00e1rea e rodagem em alto n\u00edvel.<\/p>\n\n\n\n<p>Outro fator que pesa \u00e9 o sal\u00e1rio do jogador, considerado dentro da realidade financeira do clube paulista. Atualmente, ele recebe cerca de R$ 500 mil mensais, valor que n\u00e3o assusta a diretoria alvinegra.<\/p>\n\n\n\n<p>A estrat\u00e9gia do Corinthians \u00e9 justamente usar o pr\u00e9-contrato como trunfo para negociar uma libera\u00e7\u00e3o antecipada junto ao Bahia. O jogador tem v\u00ednculo at\u00e9 dezembro, o que permite abrir esse tipo de conversa a partir do meio do ano.<\/p>\n\n\n\n<figure class=\"wp-block-image size-large\"><img loading=\"lazy\" decoding=\"async\" width=\"1024\" height=\"576\" src=\"https:\/\/acriticatrends.audiencelabs.com.br\/wp-content\/uploads\/2026\/04\/r1453766_1296x729_16-9-1024x576.jpg\" alt=\"\" class=\"wp-image-9688\" srcset=\"https:\/\/acriticatrends.audiencelabs.com.br\/wp-content\/uploads\/2026\/04\/r1453766_1296x729_16-9-1024x576.jpg 1024w, https:\/\/acriticatrends.audiencelabs.com.br\/wp-content\/uploads\/2026\/04\/r1453766_1296x729_16-9-300x169.jpg 300w, https:\/\/acriticatrends.audiencelabs.com.br\/wp-content\/uploads\/2026\/04\/r1453766_1296x729_16-9-768x432.jpg 768w, https:\/\/acriticatrends.audiencelabs.com.br\/wp-content\/uploads\/2026\/04\/r1453766_1296x729_16-9-750x422.jpg 750w, https:\/\/acriticatrends.audiencelabs.com.br\/wp-content\/uploads\/2026\/04\/r1453766_1296x729_16-9-1140x641.jpg 1140w, https:\/\/acriticatrends.audiencelabs.com.br\/wp-content\/uploads\/2026\/04\/r1453766_1296x729_16-9.jpg 1296w\" sizes=\"auto, (max-width: 1024px) 100vw, 1024px\" \/><figcaption class=\"wp-element-caption\">Cr\u00e9ditos: Leticia Martins\/Bahia<\/figcaption><\/figure>\n\n\n\n<h2 class=\"wp-block-heading\">Outras op\u00e7\u00f5es seguem no radar<\/h2>\n\n\n\n<p>Al\u00e9m de Willian Jos\u00e9, o Corinthians tamb\u00e9m monitora outros nomes para a posi\u00e7\u00e3o. Um deles \u00e9 <strong>Bissoli<\/strong>, destaque do Buriram United, mas o alto valor pedido dificulta avan\u00e7os.<\/p>\n\n\n\n<p>Outro jogador citado recentemente foi <strong>Germ\u00e1n Cano<\/strong>, do Fluminense. Ainda assim, o clube prioriza negocia\u00e7\u00f5es sem custos, justamente para manter o equil\u00edbrio financeiro enquanto busca refor\u00e7ar o elenco.<\/p>\n","protected":false},"excerpt":{"rendered":"<p>Ap\u00f3s ter apostado em um nome com passagem pelo Barcelona, o Corinthians agora volta suas aten\u00e7\u00f5es para outro atacante com hist\u00f3rico no futebol europeu, desta vez com liga\u00e7\u00e3o ao Real Madrid. A movimenta\u00e7\u00e3o acontece j\u00e1 de olho na pr\u00f3xima janela, justamente para refor\u00e7ar o setor ofensivo. O nome analisado nos bastidores \u00e9 o de Willian [&hellip;]<\/p>\n","protected":false},"author":4,"featured_media":5037,"comment_status":"open","ping_status":"closed","sticky":false,"template":"","format":"standard","meta":{"jnews-multi-image_gallery":[],"jnews_single_post":{"format":"standard"},"jnews_primary_category":[],"jnews_social_meta":[],"jnews_post_split":[],"footnotes":""},"categories":[55],"tags":[],"class_list":["post-9687","post","type-post","status-publish","format-standard","has-post-thumbnail","hentry","category-trends"],"_links":{"self":[{"href":"https:\/\/acriticatrends.audiencelabs.com.br\/wp-json\/wp\/v2\/posts\/9687","targetHints":{"allow":["GET"]}}],"collection":[{"href":"https:\/\/acriticatrends.audiencelabs.com.br\/wp-json\/wp\/v2\/posts"}],"about":[{"href":"https:\/\/acriticatrends.audiencelabs.com.br\/wp-json\/wp\/v2\/types\/post"}],"author":[{"embeddable":true,"href":"https:\/\/acriticatrends.audiencelabs.com.br\/wp-json\/wp\/v2\/users\/4"}],"replies":[{"embeddable":true,"href":"https:\/\/acriticatrends.audiencelabs.com.br\/wp-json\/wp\/v2\/comments?post=9687"}],"version-history":[{"count":1,"href":"https:\/\/acriticatrends.audiencelabs.com.br\/wp-json\/wp\/v2\/posts\/9687\/revisions"}],"predecessor-version":[{"id":9689,"href":"https:\/\/acriticatrends.audiencelabs.com.br\/wp-json\/wp\/v2\/posts\/9687\/revisions\/9689"}],"wp:featuredmedia":[{"embeddable":true,"href":"https:\/\/acriticatrends.audiencelabs.com.br\/wp-json\/wp\/v2\/media\/5037"}],"wp:attachment":[{"href":"https:\/\/acriticatrends.audiencelabs.com.br\/wp-json\/wp\/v2\/media?parent=9687"}],"wp:term":[{"taxonomy":"category","embeddable":true,"href":"https:\/\/acriticatrends.audiencelabs.com.br\/wp-json\/wp\/v2\/categories?post=9687"},{"taxonomy":"post_tag","embeddable":true,"href":"https:\/\/acriticatrends.audiencelabs.com.br\/wp-json\/wp\/v2\/tags?post=9687"}],"curies":[{"name":"wp","href":"https:\/\/api.w.org\/{rel}","templated":true}]}}